{"id":15333,"date":"2021-09-28T22:58:43","date_gmt":"2021-09-28T20:58:43","guid":{"rendered":"https:\/\/permakultur-landwirtschaft.org\/?p=15333"},"modified":"2021-10-15T19:56:03","modified_gmt":"2021-10-15T17:56:03","slug":"kurs-zu-agroforst-bei-agridea-am-28-september-2021","status":"publish","type":"post","link":"https:\/\/permakultur-landwirtschaft.org\/fr\/kurs-zu-agroforst-bei-agridea-am-28-september-2021\/","title":{"rendered":"Kurs zu Agroforst bei Agridea am 28. September 2021"},"content":{"rendered":"<h1 class=\"title font-title\">Umsetzung von Agroforstsystemen in der Schweiz<\/h1>\n<div class=\"training-subtitle\">Anlage, Pflege und Rahmenbedingungen<\/div>\n<p>Text von Agridea:<br \/>\nDie Nachfrage nach umweltschonenden Produktionsverfahren steigt best\u00e4ndig. Agroforstsysteme vereinen eine Vielzahl von Vorteilen, die in der neuen Agrarpolitik gew\u00fcnscht sind, wie der Schutz der nat\u00fcrlichen Ressourcen, die Biodiversit\u00e4tsf\u00f6rderung und Diversifizierung der Produkti-on. Doch bei der Anlage und Pflege der Systeme gibt es einige Besonderheiten zu beachten, die in diesem Kurs erl\u00e4utert werden.<\/p>\n<p><strong>Date <\/strong><br \/>\n28. September 2021<\/p>\n<p><a href=\"https:\/\/agridea.abacuscity.ch\/de\/A%7E3907\/2%7E303000%7EShop\/Kurse\/Pflanzenbau\/Umsetzung-von-Agroforstsystemen-in-der-S-Wird-noch-bekannt-gegeben\" target=\"_blank\" rel=\"noopener noreferrer\">Infos zum Kurs unter diesem Link: agridea.abacuscity.ch\/de\/A%7E3907\/2%7E303000%7EShop\/Kurse\/Pflanzenbau\/Umsetzung-von-Agroforstsystemen-in-der-S-Wird-noch-bekannt-gegeben<\/a><\/p>\n<p><img fetchpriority=\"high\" decoding=\"async\" class=\"size-full wp-image-15334 alignnone\" src=\"https:\/\/permakultur-landwirtschaft.org\/wp-content\/uploads\/2021\/07\/agridea07.07.jpg\" alt=\"\" width=\"696\" height=\"284\" srcset=\"https:\/\/permakultur-landwirtschaft.org\/wp-content\/uploads\/2021\/07\/agridea07.07.jpg 696w, https:\/\/permakultur-landwirtschaft.org\/wp-content\/uploads\/2021\/07\/agridea07.07-300x122.jpg 300w\" sizes=\"(max-width: 696px) 100vw, 696px\" \/><\/p>\n<p>Bild: <a href=\"https:\/\/agridea.abacuscity.ch\/de\/A%7E3907\/2%7E303000%7EShop\/Kurse\/Pflanzenbau\/Umsetzung-von-Agroforstsystemen-in-der-S-Wird-noch-bekannt-gegeben\" target=\"_blank\" rel=\"noopener noreferrer\">agridea.ch<\/a><\/p>\n<hr \/>\n<h3><a href=\"https:\/\/permakultur-landwirtschaft.org\/fr\/veranstaltungen\/\">Hier geht&#8217;s zur \u00dcbersicht aktuelle Veranstaltungen<\/a><\/h3>","protected":false},"excerpt":{"rendered":"<p>Umsetzung von Agroforstsystemen in der Schweiz Anlage, Pflege und Rahmenbedingungen Text von Agridea: Die Nachfrage nach umweltschonenden Produktionsverfahren steigt best\u00e4ndig. Agroforstsysteme vereinen eine Vielzahl von Vorteilen, die in der neuen Agrarpolitik gew\u00fcnscht sind, wie der Schutz der nat\u00fcrlichen Ressourcen, die Biodiversit\u00e4tsf\u00f6rderung und Diversifizierung der Produkti-on. Doch bei der Anlage und Pflege der Systeme gibt es [&hellip;]<\/p>\n","protected":false},"author":2,"featured_media":15334,"comment_status":"closed","ping_status":"closed","sticky":false,"template":"","format":"standard","meta":{"_acf_changed":false,"site-sidebar-layout":"default","site-content-layout":"","ast-site-content-layout":"default","site-content-style":"default","site-sidebar-style":"default","ast-global-header-display":"","ast-banner-title-visibility":"","ast-main-header-display":"","ast-hfb-above-header-display":"","ast-hfb-below-header-display":"","ast-hfb-mobile-header-display":"","site-post-title":"","ast-breadcrumbs-content":"","ast-featured-img":"","footer-sml-layout":"","ast-disable-related-posts":"","theme-transparent-header-meta":"","adv-header-id-meta":"","stick-header-meta":"","header-above-stick-meta":"","header-main-stick-meta":"","header-below-stick-meta":"","astra-migrate-meta-layouts":"default","ast-page-background-enabled":"default","ast-page-background-meta":{"desktop":{"background-color":"var(--ast-global-color-4)","background-image":"","background-repeat":"repeat","background-position":"center center","background-size":"auto","background-attachment":"scroll","background-type":"","background-media":"","overlay-type":"","overlay-color":"","overlay-opacity":"","overlay-gradient":""},"tablet":{"background-color":"","background-image":"","background-repeat":"repeat","background-position":"center center","background-size":"auto","background-attachment":"scroll","background-type":"","background-media":"","overlay-type":"","overlay-color":"","overlay-opacity":"","overlay-gradient":""},"mobile":{"background-color":"","background-image":"","background-repeat":"repeat","background-position":"center center","background-size":"auto","background-attachment":"scroll","background-type":"","background-media":"","overlay-type":"","overlay-color":"","overlay-opacity":"","overlay-gradient":""}},"ast-content-background-meta":{"desktop":{"background-color":"var(--ast-global-color-5)","background-image":"","background-repeat":"repeat","background-position":"center center","background-size":"auto","background-attachment":"scroll","background-type":"","background-media":"","overlay-type":"","overlay-color":"","overlay-opacity":"","overlay-gradient":""},"tablet":{"background-color":"var(--ast-global-color-5)","background-image":"","background-repeat":"repeat","background-position":"center center","background-size":"auto","background-attachment":"scroll","background-type":"","background-media":"","overlay-type":"","overlay-color":"","overlay-opacity":"","overlay-gradient":""},"mobile":{"background-color":"var(--ast-global-color-5)","background-image":"","background-repeat":"repeat","background-position":"center center","background-size":"auto","background-attachment":"scroll","background-type":"","background-media":"","overlay-type":"","overlay-color":"","overlay-opacity":"","overlay-gradient":""}},"footnotes":""},"categories":[21],"tags":[],"class_list":["post-15333","post","type-post","status-publish","format-standard","has-post-thumbnail","hentry","category-veranstaltungen_archiv"],"acf":[],"yoast_head":"<!-- This site is optimized with the Yoast SEO plugin v27.5 - https:\/\/yoast.com\/product\/yoast-seo-wordpress\/ -->\n<title>Kurs zu Agroforst bei Agridea am 28. September 2021 - Permakultur-Landwirtschaft<\/title>\n<meta name=\"robots\" content=\"index, follow, max-snippet:-1, max-image-preview:large, max-video-preview:-1\" \/>\n<link rel=\"canonical\" href=\"https:\/\/permakultur-landwirtschaft.org\/fr\/kurs-zu-agroforst-bei-agridea-am-28-september-2021\/\" \/>\n<meta property=\"og:locale\" content=\"fr_FR\" \/>\n<meta property=\"og:type\" content=\"article\" \/>\n<meta property=\"og:title\" content=\"Kurs zu Agroforst bei Agridea am 28. September 2021 - Permakultur-Landwirtschaft\" \/>\n<meta property=\"og:description\" content=\"Umsetzung von Agroforstsystemen in der Schweiz Anlage, Pflege und Rahmenbedingungen Text von Agridea: Die Nachfrage nach umweltschonenden Produktionsverfahren steigt best\u00e4ndig. Agroforstsysteme vereinen eine Vielzahl von Vorteilen, die in der neuen Agrarpolitik gew\u00fcnscht sind, wie der Schutz der nat\u00fcrlichen Ressourcen, die Biodiversit\u00e4tsf\u00f6rderung und Diversifizierung der Produkti-on. Doch bei der Anlage und Pflege der Systeme gibt es [&hellip;]\" \/>\n<meta property=\"og:url\" content=\"https:\/\/permakultur-landwirtschaft.org\/fr\/kurs-zu-agroforst-bei-agridea-am-28-september-2021\/\" \/>\n<meta property=\"og:site_name\" content=\"Permakultur-Landwirtschaft\" \/>\n<meta property=\"article:publisher\" content=\"https:\/\/www.facebook.com\/PermakulturLandwirtschaft\" \/>\n<meta property=\"article:published_time\" content=\"2021-09-28T20:58:43+00:00\" \/>\n<meta property=\"article:modified_time\" content=\"2021-10-15T17:56:03+00:00\" \/>\n<meta property=\"og:image\" content=\"https:\/\/permakultur-landwirtschaft.org\/wp-content\/uploads\/2021\/07\/agridea07.07.jpg\" \/>\n\t<meta property=\"og:image:width\" content=\"696\" \/>\n\t<meta property=\"og:image:height\" content=\"284\" \/>\n\t<meta property=\"og:image:type\" content=\"image\/jpeg\" \/>\n<meta name=\"author\" content=\"adrian reutimann\" \/>\n<meta name=\"twitter:card\" content=\"summary_large_image\" \/>\n<meta name=\"twitter:label1\" content=\"\u00c9crit par\" \/>\n\t<meta name=\"twitter:data1\" content=\"adrian reutimann\" \/>\n<script type=\"application\/ld+json\" class=\"yoast-schema-graph\">{\"@context\":\"https:\\\/\\\/schema.org\",\"@graph\":[{\"@type\":\"Article\",\"@id\":\"https:\\\/\\\/permakultur-landwirtschaft.org\\\/kurs-zu-agroforst-bei-agridea-am-28-september-2021\\\/#article\",\"isPartOf\":{\"@id\":\"https:\\\/\\\/permakultur-landwirtschaft.org\\\/kurs-zu-agroforst-bei-agridea-am-28-september-2021\\\/\"},\"author\":{\"name\":\"adrian reutimann\",\"@id\":\"https:\\\/\\\/permakultur-landwirtschaft.org\\\/#\\\/schema\\\/person\\\/6b0467872f75aed3e144093f9bf4f0b0\"},\"headline\":\"Kurs zu Agroforst bei Agridea am 28. September 2021\",\"datePublished\":\"2021-09-28T20:58:43+00:00\",\"dateModified\":\"2021-10-15T17:56:03+00:00\",\"mainEntityOfPage\":{\"@id\":\"https:\\\/\\\/permakultur-landwirtschaft.org\\\/kurs-zu-agroforst-bei-agridea-am-28-september-2021\\\/\"},\"wordCount\":107,\"publisher\":{\"@id\":\"https:\\\/\\\/permakultur-landwirtschaft.org\\\/#organization\"},\"image\":{\"@id\":\"https:\\\/\\\/permakultur-landwirtschaft.org\\\/kurs-zu-agroforst-bei-agridea-am-28-september-2021\\\/#primaryimage\"},\"thumbnailUrl\":\"https:\\\/\\\/permakultur-landwirtschaft.org\\\/wp-content\\\/uploads\\\/2021\\\/07\\\/agridea07.07.jpg\",\"articleSection\":[\"Veranstaltungen_Archiv\"],\"inLanguage\":\"fr-FR\"},{\"@type\":\"WebPage\",\"@id\":\"https:\\\/\\\/permakultur-landwirtschaft.org\\\/kurs-zu-agroforst-bei-agridea-am-28-september-2021\\\/\",\"url\":\"https:\\\/\\\/permakultur-landwirtschaft.org\\\/kurs-zu-agroforst-bei-agridea-am-28-september-2021\\\/\",\"name\":\"Kurs zu Agroforst bei Agridea am 28. September 2021 - Permakultur-Landwirtschaft\",\"isPartOf\":{\"@id\":\"https:\\\/\\\/permakultur-landwirtschaft.org\\\/#website\"},\"primaryImageOfPage\":{\"@id\":\"https:\\\/\\\/permakultur-landwirtschaft.org\\\/kurs-zu-agroforst-bei-agridea-am-28-september-2021\\\/#primaryimage\"},\"image\":{\"@id\":\"https:\\\/\\\/permakultur-landwirtschaft.org\\\/kurs-zu-agroforst-bei-agridea-am-28-september-2021\\\/#primaryimage\"},\"thumbnailUrl\":\"https:\\\/\\\/permakultur-landwirtschaft.org\\\/wp-content\\\/uploads\\\/2021\\\/07\\\/agridea07.07.jpg\",\"datePublished\":\"2021-09-28T20:58:43+00:00\",\"dateModified\":\"2021-10-15T17:56:03+00:00\",\"breadcrumb\":{\"@id\":\"https:\\\/\\\/permakultur-landwirtschaft.org\\\/kurs-zu-agroforst-bei-agridea-am-28-september-2021\\\/#breadcrumb\"},\"inLanguage\":\"fr-FR\",\"potentialAction\":[{\"@type\":\"ReadAction\",\"target\":[\"https:\\\/\\\/permakultur-landwirtschaft.org\\\/kurs-zu-agroforst-bei-agridea-am-28-september-2021\\\/\"]}]},{\"@type\":\"ImageObject\",\"inLanguage\":\"fr-FR\",\"@id\":\"https:\\\/\\\/permakultur-landwirtschaft.org\\\/kurs-zu-agroforst-bei-agridea-am-28-september-2021\\\/#primaryimage\",\"url\":\"https:\\\/\\\/permakultur-landwirtschaft.org\\\/wp-content\\\/uploads\\\/2021\\\/07\\\/agridea07.07.jpg\",\"contentUrl\":\"https:\\\/\\\/permakultur-landwirtschaft.org\\\/wp-content\\\/uploads\\\/2021\\\/07\\\/agridea07.07.jpg\",\"width\":696,\"height\":284,\"caption\":\"AGRIDEA\"},{\"@type\":\"BreadcrumbList\",\"@id\":\"https:\\\/\\\/permakultur-landwirtschaft.org\\\/kurs-zu-agroforst-bei-agridea-am-28-september-2021\\\/#breadcrumb\",\"itemListElement\":[{\"@type\":\"ListItem\",\"position\":1,\"name\":\"Startseite\",\"item\":\"https:\\\/\\\/permakultur-landwirtschaft.org\\\/\"},{\"@type\":\"ListItem\",\"position\":2,\"name\":\"Kurs zu Agroforst bei Agridea am 28. September 2021\"}]},{\"@type\":\"WebSite\",\"@id\":\"https:\\\/\\\/permakultur-landwirtschaft.org\\\/#website\",\"url\":\"https:\\\/\\\/permakultur-landwirtschaft.org\\\/\",\"name\":\"Permakultur-Landwirtschaft\",\"description\":\"F\u00f6rderung der Permakultur in der Landwirtschaft\",\"publisher\":{\"@id\":\"https:\\\/\\\/permakultur-landwirtschaft.org\\\/#organization\"},\"potentialAction\":[{\"@type\":\"SearchAction\",\"target\":{\"@type\":\"EntryPoint\",\"urlTemplate\":\"https:\\\/\\\/permakultur-landwirtschaft.org\\\/?s={search_term_string}\"},\"query-input\":{\"@type\":\"PropertyValueSpecification\",\"valueRequired\":true,\"valueName\":\"search_term_string\"}}],\"inLanguage\":\"fr-FR\"},{\"@type\":\"Organization\",\"@id\":\"https:\\\/\\\/permakultur-landwirtschaft.org\\\/#organization\",\"name\":\"Permakultur-Landwirtschaft\",\"alternateName\":\"Verein Permakultur-Landwirtschaft\",\"url\":\"https:\\\/\\\/permakultur-landwirtschaft.org\\\/\",\"logo\":{\"@type\":\"ImageObject\",\"inLanguage\":\"fr-FR\",\"@id\":\"https:\\\/\\\/permakultur-landwirtschaft.org\\\/#\\\/schema\\\/logo\\\/image\\\/\",\"url\":\"https:\\\/\\\/permakultur-landwirtschaft.org\\\/wp-content\\\/uploads\\\/2021\\\/11\\\/pela_1268x1269.png\",\"contentUrl\":\"https:\\\/\\\/permakultur-landwirtschaft.org\\\/wp-content\\\/uploads\\\/2021\\\/11\\\/pela_1268x1269.png\",\"width\":1298,\"height\":1269,\"caption\":\"Permakultur-Landwirtschaft\"},\"image\":{\"@id\":\"https:\\\/\\\/permakultur-landwirtschaft.org\\\/#\\\/schema\\\/logo\\\/image\\\/\"},\"sameAs\":[\"https:\\\/\\\/www.facebook.com\\\/PermakulturLandwirtschaft\",\"https:\\\/\\\/www.instagram.com\\\/permakultur_landwirtschaft\\\/\",\"https:\\\/\\\/www.flickr.com\\\/photos\\\/permakultur-landwirtschaft\",\"https:\\\/\\\/www.youtube.com\\\/@PermakulturLandwirtschaft\"]},{\"@type\":\"Person\",\"@id\":\"https:\\\/\\\/permakultur-landwirtschaft.org\\\/#\\\/schema\\\/person\\\/6b0467872f75aed3e144093f9bf4f0b0\",\"name\":\"adrian reutimann\",\"url\":\"https:\\\/\\\/permakultur-landwirtschaft.org\\\/fr\\\/author\\\/reutiadr\\\/\"}]}<\/script>\n<!-- \/ Yoast SEO plugin. -->","yoast_head_json":{"title":"Kurs zu Agroforst bei Agridea am 28. September 2021 - Permakultur-Landwirtschaft","robots":{"index":"index","follow":"follow","max-snippet":"max-snippet:-1","max-image-preview":"max-image-preview:large","max-video-preview":"max-video-preview:-1"},"canonical":"https:\/\/permakultur-landwirtschaft.org\/fr\/kurs-zu-agroforst-bei-agridea-am-28-september-2021\/","og_locale":"fr_FR","og_type":"article","og_title":"Kurs zu Agroforst bei Agridea am 28. September 2021 - Permakultur-Landwirtschaft","og_description":"Umsetzung von Agroforstsystemen in der Schweiz Anlage, Pflege und Rahmenbedingungen Text von Agridea: Die Nachfrage nach umweltschonenden Produktionsverfahren steigt best\u00e4ndig. Agroforstsysteme vereinen eine Vielzahl von Vorteilen, die in der neuen Agrarpolitik gew\u00fcnscht sind, wie der Schutz der nat\u00fcrlichen Ressourcen, die Biodiversit\u00e4tsf\u00f6rderung und Diversifizierung der Produkti-on. Doch bei der Anlage und Pflege der Systeme gibt es [&hellip;]","og_url":"https:\/\/permakultur-landwirtschaft.org\/fr\/kurs-zu-agroforst-bei-agridea-am-28-september-2021\/","og_site_name":"Permakultur-Landwirtschaft","article_publisher":"https:\/\/www.facebook.com\/PermakulturLandwirtschaft","article_published_time":"2021-09-28T20:58:43+00:00","article_modified_time":"2021-10-15T17:56:03+00:00","og_image":[{"width":696,"height":284,"url":"https:\/\/permakultur-landwirtschaft.org\/wp-content\/uploads\/2021\/07\/agridea07.07.jpg","type":"image\/jpeg"}],"author":"adrian reutimann","twitter_card":"summary_large_image","twitter_misc":{"\u00c9crit par":"adrian reutimann"},"schema":{"@context":"https:\/\/schema.org","@graph":[{"@type":"Article","@id":"https:\/\/permakultur-landwirtschaft.org\/kurs-zu-agroforst-bei-agridea-am-28-september-2021\/#article","isPartOf":{"@id":"https:\/\/permakultur-landwirtschaft.org\/kurs-zu-agroforst-bei-agridea-am-28-september-2021\/"},"author":{"name":"adrian reutimann","@id":"https:\/\/permakultur-landwirtschaft.org\/#\/schema\/person\/6b0467872f75aed3e144093f9bf4f0b0"},"headline":"Kurs zu Agroforst bei Agridea am 28. September 2021","datePublished":"2021-09-28T20:58:43+00:00","dateModified":"2021-10-15T17:56:03+00:00","mainEntityOfPage":{"@id":"https:\/\/permakultur-landwirtschaft.org\/kurs-zu-agroforst-bei-agridea-am-28-september-2021\/"},"wordCount":107,"publisher":{"@id":"https:\/\/permakultur-landwirtschaft.org\/#organization"},"image":{"@id":"https:\/\/permakultur-landwirtschaft.org\/kurs-zu-agroforst-bei-agridea-am-28-september-2021\/#primaryimage"},"thumbnailUrl":"https:\/\/permakultur-landwirtschaft.org\/wp-content\/uploads\/2021\/07\/agridea07.07.jpg","articleSection":["Veranstaltungen_Archiv"],"inLanguage":"fr-FR"},{"@type":"WebPage","@id":"https:\/\/permakultur-landwirtschaft.org\/kurs-zu-agroforst-bei-agridea-am-28-september-2021\/","url":"https:\/\/permakultur-landwirtschaft.org\/kurs-zu-agroforst-bei-agridea-am-28-september-2021\/","name":"Kurs zu Agroforst bei Agridea am 28. September 2021 - Permakultur-Landwirtschaft","isPartOf":{"@id":"https:\/\/permakultur-landwirtschaft.org\/#website"},"primaryImageOfPage":{"@id":"https:\/\/permakultur-landwirtschaft.org\/kurs-zu-agroforst-bei-agridea-am-28-september-2021\/#primaryimage"},"image":{"@id":"https:\/\/permakultur-landwirtschaft.org\/kurs-zu-agroforst-bei-agridea-am-28-september-2021\/#primaryimage"},"thumbnailUrl":"https:\/\/permakultur-landwirtschaft.org\/wp-content\/uploads\/2021\/07\/agridea07.07.jpg","datePublished":"2021-09-28T20:58:43+00:00","dateModified":"2021-10-15T17:56:03+00:00","breadcrumb":{"@id":"https:\/\/permakultur-landwirtschaft.org\/kurs-zu-agroforst-bei-agridea-am-28-september-2021\/#breadcrumb"},"inLanguage":"fr-FR","potentialAction":[{"@type":"ReadAction","target":["https:\/\/permakultur-landwirtschaft.org\/kurs-zu-agroforst-bei-agridea-am-28-september-2021\/"]}]},{"@type":"ImageObject","inLanguage":"fr-FR","@id":"https:\/\/permakultur-landwirtschaft.org\/kurs-zu-agroforst-bei-agridea-am-28-september-2021\/#primaryimage","url":"https:\/\/permakultur-landwirtschaft.org\/wp-content\/uploads\/2021\/07\/agridea07.07.jpg","contentUrl":"https:\/\/permakultur-landwirtschaft.org\/wp-content\/uploads\/2021\/07\/agridea07.07.jpg","width":696,"height":284,"caption":"AGRIDEA"},{"@type":"BreadcrumbList","@id":"https:\/\/permakultur-landwirtschaft.org\/kurs-zu-agroforst-bei-agridea-am-28-september-2021\/#breadcrumb","itemListElement":[{"@type":"ListItem","position":1,"name":"Startseite","item":"https:\/\/permakultur-landwirtschaft.org\/"},{"@type":"ListItem","position":2,"name":"Kurs zu Agroforst bei Agridea am 28. September 2021"}]},{"@type":"WebSite","@id":"https:\/\/permakultur-landwirtschaft.org\/#website","url":"https:\/\/permakultur-landwirtschaft.org\/","name":"Permakultur-Landwirtschaft","description":"F\u00f6rderung der Permakultur in der Landwirtschaft","publisher":{"@id":"https:\/\/permakultur-landwirtschaft.org\/#organization"},"potentialAction":[{"@type":"SearchAction","target":{"@type":"EntryPoint","urlTemplate":"https:\/\/permakultur-landwirtschaft.org\/?s={search_term_string}"},"query-input":{"@type":"PropertyValueSpecification","valueRequired":true,"valueName":"search_term_string"}}],"inLanguage":"fr-FR"},{"@type":"Organization","@id":"https:\/\/permakultur-landwirtschaft.org\/#organization","name":"Permakultur-Landwirtschaft","alternateName":"Verein Permakultur-Landwirtschaft","url":"https:\/\/permakultur-landwirtschaft.org\/","logo":{"@type":"ImageObject","inLanguage":"fr-FR","@id":"https:\/\/permakultur-landwirtschaft.org\/#\/schema\/logo\/image\/","url":"https:\/\/permakultur-landwirtschaft.org\/wp-content\/uploads\/2021\/11\/pela_1268x1269.png","contentUrl":"https:\/\/permakultur-landwirtschaft.org\/wp-content\/uploads\/2021\/11\/pela_1268x1269.png","width":1298,"height":1269,"caption":"Permakultur-Landwirtschaft"},"image":{"@id":"https:\/\/permakultur-landwirtschaft.org\/#\/schema\/logo\/image\/"},"sameAs":["https:\/\/www.facebook.com\/PermakulturLandwirtschaft","https:\/\/www.instagram.com\/permakultur_landwirtschaft\/","https:\/\/www.flickr.com\/photos\/permakultur-landwirtschaft","https:\/\/www.youtube.com\/@PermakulturLandwirtschaft"]},{"@type":"Person","@id":"https:\/\/permakultur-landwirtschaft.org\/#\/schema\/person\/6b0467872f75aed3e144093f9bf4f0b0","name":"adrian reutimann","url":"https:\/\/permakultur-landwirtschaft.org\/fr\/author\/reutiadr\/"}]}},"_links":{"self":[{"href":"https:\/\/permakultur-landwirtschaft.org\/fr\/wp-json\/wp\/v2\/posts\/15333","targetHints":{"allow":["GET"]}}],"collection":[{"href":"https:\/\/permakultur-landwirtschaft.org\/fr\/wp-json\/wp\/v2\/posts"}],"about":[{"href":"https:\/\/permakultur-landwirtschaft.org\/fr\/wp-json\/wp\/v2\/types\/post"}],"author":[{"embeddable":true,"href":"https:\/\/permakultur-landwirtschaft.org\/fr\/wp-json\/wp\/v2\/users\/2"}],"replies":[{"embeddable":true,"href":"https:\/\/permakultur-landwirtschaft.org\/fr\/wp-json\/wp\/v2\/comments?post=15333"}],"version-history":[{"count":1,"href":"https:\/\/permakultur-landwirtschaft.org\/fr\/wp-json\/wp\/v2\/posts\/15333\/revisions"}],"predecessor-version":[{"id":15335,"href":"https:\/\/permakultur-landwirtschaft.org\/fr\/wp-json\/wp\/v2\/posts\/15333\/revisions\/15335"}],"wp:featuredmedia":[{"embeddable":true,"href":"https:\/\/permakultur-landwirtschaft.org\/fr\/wp-json\/wp\/v2\/media\/15334"}],"wp:attachment":[{"href":"https:\/\/permakultur-landwirtschaft.org\/fr\/wp-json\/wp\/v2\/media?parent=15333"}],"wp:term":[{"taxonomy":"category","embeddable":true,"href":"https:\/\/permakultur-landwirtschaft.org\/fr\/wp-json\/wp\/v2\/categories?post=15333"},{"taxonomy":"post_tag","embeddable":true,"href":"https:\/\/permakultur-landwirtschaft.org\/fr\/wp-json\/wp\/v2\/tags?post=15333"}],"curies":[{"name":"wp","href":"https:\/\/api.w.org\/{rel}","templated":true}]}}