{"id":1526,"date":"2019-01-20T09:22:04","date_gmt":"2019-01-20T08:22:04","guid":{"rendered":"http:\/\/permakultur-landwirtschaft.org\/?p=1526"},"modified":"2019-06-01T11:56:59","modified_gmt":"2019-06-01T09:56:59","slug":"permaculture-mythe-ou-realite-3eme-edition","status":"publish","type":"post","link":"https:\/\/permakultur-landwirtschaft.org\/fr\/permaculture-mythe-ou-realite-3eme-edition\/","title":{"rendered":"Permaculture : Mythe ou r\u00e9alit\u00e9 ? 3\u00e8me \u00e9dition 10.05.2019"},"content":{"rendered":"<p>FiBL Anlass zu Permakultur<\/p>\n<p>Contenu<br \/>\nQu\u2019est-ce que la permaculture et comment peut-elle vous servir dans vos pratiques agricoles? Pr\u00e9sentation de r\u00e9sultats de recherche sur la rentabilit\u00e9 \u00e9conomique. T\u00e9moignages et exemples de pratiques en mara\u00eechage, arboriculture, grandes cultures et \u00e9levage.<\/p>\n<p>Date<br \/>\nVendredi, 10 mai 2019, de 8h30 \u00e0 17h00<\/p>\n<p>Lieu<br \/>\nAgrilogie Marcelin, Morges VD<\/p>\n<p>Mehr Informationen <a href=\"https:\/\/www.bioactualites.ch\/actualites\/agenda\/calendrier\/permaculture-2019.html\" target=\"_blank\" rel=\"noopener noreferrer\">ici<\/a>.<\/p>\n<p><a href=\"https:\/\/www.bioactualites.ch\/actualites\/agenda\/calendrier\/permaculture-2019.html\" target=\"_blank\" rel=\"noopener noreferrer\"><img fetchpriority=\"high\" decoding=\"async\" class=\"alignleft size-full wp-image-1527\" src=\"https:\/\/permakultur-landwirtschaft.org\/wp-content\/uploads\/2019\/03\/fiblcsm_permaculture-2019_62d76a40c0.jpg\" alt=\"\" width=\"282\" height=\"196\" srcset=\"https:\/\/permakultur-landwirtschaft.org\/wp-content\/uploads\/2019\/03\/fiblcsm_permaculture-2019_62d76a40c0.jpg 282w, https:\/\/permakultur-landwirtschaft.org\/wp-content\/uploads\/2019\/03\/fiblcsm_permaculture-2019_62d76a40c0-160x110.jpg 160w\" sizes=\"(max-width: 282px) 100vw, 282px\" \/><\/a><\/p>","protected":false},"excerpt":{"rendered":"<p>FiBL Anlass zu Permakultur Contenu Qu\u2019est-ce que la permaculture et comment peut-elle vous servir dans vos pratiques agricoles? Pr\u00e9sentation de r\u00e9sultats de recherche sur la rentabilit\u00e9 \u00e9conomique. T\u00e9moignages et exemples de pratiques en mara\u00eechage, arboriculture, grandes cultures et \u00e9levage. Date Vendredi, 10 mai 2019, de 8h30 \u00e0 17h00 Lieu Agrilogie Marcelin, Morges VD Mehr Informationen [&hellip;]<\/p>\n","protected":false},"author":2,"featured_media":1527,"comment_status":"closed","ping_status":"closed","sticky":false,"template":"","format":"standard","meta":{"_acf_changed":false,"site-sidebar-layout":"default","site-content-layout":"","ast-site-content-layout":"default","site-content-style":"default","site-sidebar-style":"default","ast-global-header-display":"","ast-banner-title-visibility":"","ast-main-header-display":"","ast-hfb-above-header-display":"","ast-hfb-below-header-display":"","ast-hfb-mobile-header-display":"","site-post-title":"","ast-breadcrumbs-content":"","ast-featured-img":"","footer-sml-layout":"","ast-disable-related-posts":"","theme-transparent-header-meta":"","adv-header-id-meta":"","stick-header-meta":"","header-above-stick-meta":"","header-main-stick-meta":"","header-below-stick-meta":"","astra-migrate-meta-layouts":"default","ast-page-background-enabled":"default","ast-page-background-meta":{"desktop":{"background-color":"var(--ast-global-color-4)","background-image":"","background-repeat":"repeat","background-position":"center center","background-size":"auto","background-attachment":"scroll","background-type":"","background-media":"","overlay-type":"","overlay-color":"","overlay-opacity":"","overlay-gradient":""},"tablet":{"background-color":"","background-image":"","background-repeat":"repeat","background-position":"center center","background-size":"auto","background-attachment":"scroll","background-type":"","background-media":"","overlay-type":"","overlay-color":"","overlay-opacity":"","overlay-gradient":""},"mobile":{"background-color":"","background-image":"","background-repeat":"repeat","background-position":"center center","background-size":"auto","background-attachment":"scroll","background-type":"","background-media":"","overlay-type":"","overlay-color":"","overlay-opacity":"","overlay-gradient":""}},"ast-content-background-meta":{"desktop":{"background-color":"var(--ast-global-color-5)","background-image":"","background-repeat":"repeat","background-position":"center center","background-size":"auto","background-attachment":"scroll","background-type":"","background-media":"","overlay-type":"","overlay-color":"","overlay-opacity":"","overlay-gradient":""},"tablet":{"background-color":"var(--ast-global-color-5)","background-image":"","background-repeat":"repeat","background-position":"center center","background-size":"auto","background-attachment":"scroll","background-type":"","background-media":"","overlay-type":"","overlay-color":"","overlay-opacity":"","overlay-gradient":""},"mobile":{"background-color":"var(--ast-global-color-5)","background-image":"","background-repeat":"repeat","background-position":"center center","background-size":"auto","background-attachment":"scroll","background-type":"","background-media":"","overlay-type":"","overlay-color":"","overlay-opacity":"","overlay-gradient":""}},"footnotes":""},"categories":[21],"tags":[],"class_list":["post-1526","post","type-post","status-publish","format-standard","has-post-thumbnail","hentry","category-veranstaltungen_archiv"],"acf":[],"yoast_head":"<!-- This site is optimized with the Yoast SEO plugin v27.5 - https:\/\/yoast.com\/product\/yoast-seo-wordpress\/ -->\n<title>Permaculture : Mythe ou r\u00e9alit\u00e9 ? 3\u00e8me \u00e9dition 10.05.2019 - Permakultur-Landwirtschaft<\/title>\n<meta name=\"robots\" content=\"index, follow, max-snippet:-1, max-image-preview:large, max-video-preview:-1\" \/>\n<link rel=\"canonical\" href=\"https:\/\/permakultur-landwirtschaft.org\/fr\/permaculture-mythe-ou-realite-3eme-edition\/\" \/>\n<meta property=\"og:locale\" content=\"fr_FR\" \/>\n<meta property=\"og:type\" content=\"article\" \/>\n<meta property=\"og:title\" content=\"Permaculture : Mythe ou r\u00e9alit\u00e9 ? 3\u00e8me \u00e9dition 10.05.2019 - Permakultur-Landwirtschaft\" \/>\n<meta property=\"og:description\" content=\"FiBL Anlass zu Permakultur Contenu Qu\u2019est-ce que la permaculture et comment peut-elle vous servir dans vos pratiques agricoles? Pr\u00e9sentation de r\u00e9sultats de recherche sur la rentabilit\u00e9 \u00e9conomique. T\u00e9moignages et exemples de pratiques en mara\u00eechage, arboriculture, grandes cultures et \u00e9levage. Date Vendredi, 10 mai 2019, de 8h30 \u00e0 17h00 Lieu Agrilogie Marcelin, Morges VD Mehr Informationen [&hellip;]\" \/>\n<meta property=\"og:url\" content=\"https:\/\/permakultur-landwirtschaft.org\/fr\/permaculture-mythe-ou-realite-3eme-edition\/\" \/>\n<meta property=\"og:site_name\" content=\"Permakultur-Landwirtschaft\" \/>\n<meta property=\"article:publisher\" content=\"https:\/\/www.facebook.com\/PermakulturLandwirtschaft\" \/>\n<meta property=\"article:published_time\" content=\"2019-01-20T08:22:04+00:00\" \/>\n<meta property=\"article:modified_time\" content=\"2019-06-01T09:56:59+00:00\" \/>\n<meta property=\"og:image\" content=\"https:\/\/permakultur-landwirtschaft.org\/wp-content\/uploads\/2019\/03\/fiblcsm_permaculture-2019_62d76a40c0.jpg\" \/>\n\t<meta property=\"og:image:width\" content=\"282\" \/>\n\t<meta property=\"og:image:height\" content=\"196\" \/>\n\t<meta property=\"og:image:type\" content=\"image\/jpeg\" \/>\n<meta name=\"author\" content=\"adrian reutimann\" \/>\n<meta name=\"twitter:card\" content=\"summary_large_image\" \/>\n<meta name=\"twitter:label1\" content=\"\u00c9crit par\" \/>\n\t<meta name=\"twitter:data1\" content=\"adrian reutimann\" \/>\n<script type=\"application\/ld+json\" class=\"yoast-schema-graph\">{\"@context\":\"https:\\\/\\\/schema.org\",\"@graph\":[{\"@type\":\"Article\",\"@id\":\"https:\\\/\\\/permakultur-landwirtschaft.org\\\/permaculture-mythe-ou-realite-3eme-edition\\\/#article\",\"isPartOf\":{\"@id\":\"https:\\\/\\\/permakultur-landwirtschaft.org\\\/permaculture-mythe-ou-realite-3eme-edition\\\/\"},\"author\":{\"name\":\"adrian reutimann\",\"@id\":\"https:\\\/\\\/permakultur-landwirtschaft.org\\\/#\\\/schema\\\/person\\\/6b0467872f75aed3e144093f9bf4f0b0\"},\"headline\":\"Permaculture : Mythe ou r\u00e9alit\u00e9 ? 3\u00e8me \u00e9dition 10.05.2019\",\"datePublished\":\"2019-01-20T08:22:04+00:00\",\"dateModified\":\"2019-06-01T09:56:59+00:00\",\"mainEntityOfPage\":{\"@id\":\"https:\\\/\\\/permakultur-landwirtschaft.org\\\/permaculture-mythe-ou-realite-3eme-edition\\\/\"},\"wordCount\":65,\"publisher\":{\"@id\":\"https:\\\/\\\/permakultur-landwirtschaft.org\\\/#organization\"},\"image\":{\"@id\":\"https:\\\/\\\/permakultur-landwirtschaft.org\\\/permaculture-mythe-ou-realite-3eme-edition\\\/#primaryimage\"},\"thumbnailUrl\":\"https:\\\/\\\/permakultur-landwirtschaft.org\\\/wp-content\\\/uploads\\\/2019\\\/03\\\/fiblcsm_permaculture-2019_62d76a40c0.jpg\",\"articleSection\":[\"Veranstaltungen_Archiv\"],\"inLanguage\":\"fr-FR\"},{\"@type\":\"WebPage\",\"@id\":\"https:\\\/\\\/permakultur-landwirtschaft.org\\\/permaculture-mythe-ou-realite-3eme-edition\\\/\",\"url\":\"https:\\\/\\\/permakultur-landwirtschaft.org\\\/permaculture-mythe-ou-realite-3eme-edition\\\/\",\"name\":\"Permaculture : Mythe ou r\u00e9alit\u00e9 ? 3\u00e8me \u00e9dition 10.05.2019 - Permakultur-Landwirtschaft\",\"isPartOf\":{\"@id\":\"https:\\\/\\\/permakultur-landwirtschaft.org\\\/#website\"},\"primaryImageOfPage\":{\"@id\":\"https:\\\/\\\/permakultur-landwirtschaft.org\\\/permaculture-mythe-ou-realite-3eme-edition\\\/#primaryimage\"},\"image\":{\"@id\":\"https:\\\/\\\/permakultur-landwirtschaft.org\\\/permaculture-mythe-ou-realite-3eme-edition\\\/#primaryimage\"},\"thumbnailUrl\":\"https:\\\/\\\/permakultur-landwirtschaft.org\\\/wp-content\\\/uploads\\\/2019\\\/03\\\/fiblcsm_permaculture-2019_62d76a40c0.jpg\",\"datePublished\":\"2019-01-20T08:22:04+00:00\",\"dateModified\":\"2019-06-01T09:56:59+00:00\",\"breadcrumb\":{\"@id\":\"https:\\\/\\\/permakultur-landwirtschaft.org\\\/permaculture-mythe-ou-realite-3eme-edition\\\/#breadcrumb\"},\"inLanguage\":\"fr-FR\",\"potentialAction\":[{\"@type\":\"ReadAction\",\"target\":[\"https:\\\/\\\/permakultur-landwirtschaft.org\\\/permaculture-mythe-ou-realite-3eme-edition\\\/\"]}]},{\"@type\":\"ImageObject\",\"inLanguage\":\"fr-FR\",\"@id\":\"https:\\\/\\\/permakultur-landwirtschaft.org\\\/permaculture-mythe-ou-realite-3eme-edition\\\/#primaryimage\",\"url\":\"https:\\\/\\\/permakultur-landwirtschaft.org\\\/wp-content\\\/uploads\\\/2019\\\/03\\\/fiblcsm_permaculture-2019_62d76a40c0.jpg\",\"contentUrl\":\"https:\\\/\\\/permakultur-landwirtschaft.org\\\/wp-content\\\/uploads\\\/2019\\\/03\\\/fiblcsm_permaculture-2019_62d76a40c0.jpg\",\"width\":282,\"height\":196},{\"@type\":\"BreadcrumbList\",\"@id\":\"https:\\\/\\\/permakultur-landwirtschaft.org\\\/permaculture-mythe-ou-realite-3eme-edition\\\/#breadcrumb\",\"itemListElement\":[{\"@type\":\"ListItem\",\"position\":1,\"name\":\"Startseite\",\"item\":\"https:\\\/\\\/permakultur-landwirtschaft.org\\\/\"},{\"@type\":\"ListItem\",\"position\":2,\"name\":\"Permaculture : Mythe ou r\u00e9alit\u00e9 ? 3\u00e8me \u00e9dition 10.05.2019\"}]},{\"@type\":\"WebSite\",\"@id\":\"https:\\\/\\\/permakultur-landwirtschaft.org\\\/#website\",\"url\":\"https:\\\/\\\/permakultur-landwirtschaft.org\\\/\",\"name\":\"Permakultur-Landwirtschaft\",\"description\":\"F\u00f6rderung der Permakultur in der Landwirtschaft\",\"publisher\":{\"@id\":\"https:\\\/\\\/permakultur-landwirtschaft.org\\\/#organization\"},\"potentialAction\":[{\"@type\":\"SearchAction\",\"target\":{\"@type\":\"EntryPoint\",\"urlTemplate\":\"https:\\\/\\\/permakultur-landwirtschaft.org\\\/?s={search_term_string}\"},\"query-input\":{\"@type\":\"PropertyValueSpecification\",\"valueRequired\":true,\"valueName\":\"search_term_string\"}}],\"inLanguage\":\"fr-FR\"},{\"@type\":\"Organization\",\"@id\":\"https:\\\/\\\/permakultur-landwirtschaft.org\\\/#organization\",\"name\":\"Permakultur-Landwirtschaft\",\"alternateName\":\"Verein Permakultur-Landwirtschaft\",\"url\":\"https:\\\/\\\/permakultur-landwirtschaft.org\\\/\",\"logo\":{\"@type\":\"ImageObject\",\"inLanguage\":\"fr-FR\",\"@id\":\"https:\\\/\\\/permakultur-landwirtschaft.org\\\/#\\\/schema\\\/logo\\\/image\\\/\",\"url\":\"https:\\\/\\\/permakultur-landwirtschaft.org\\\/wp-content\\\/uploads\\\/2021\\\/11\\\/pela_1268x1269.png\",\"contentUrl\":\"https:\\\/\\\/permakultur-landwirtschaft.org\\\/wp-content\\\/uploads\\\/2021\\\/11\\\/pela_1268x1269.png\",\"width\":1298,\"height\":1269,\"caption\":\"Permakultur-Landwirtschaft\"},\"image\":{\"@id\":\"https:\\\/\\\/permakultur-landwirtschaft.org\\\/#\\\/schema\\\/logo\\\/image\\\/\"},\"sameAs\":[\"https:\\\/\\\/www.facebook.com\\\/PermakulturLandwirtschaft\",\"https:\\\/\\\/www.instagram.com\\\/permakultur_landwirtschaft\\\/\",\"https:\\\/\\\/www.flickr.com\\\/photos\\\/permakultur-landwirtschaft\",\"https:\\\/\\\/www.youtube.com\\\/@PermakulturLandwirtschaft\"]},{\"@type\":\"Person\",\"@id\":\"https:\\\/\\\/permakultur-landwirtschaft.org\\\/#\\\/schema\\\/person\\\/6b0467872f75aed3e144093f9bf4f0b0\",\"name\":\"adrian reutimann\",\"url\":\"https:\\\/\\\/permakultur-landwirtschaft.org\\\/fr\\\/author\\\/reutiadr\\\/\"}]}<\/script>\n<!-- \/ Yoast SEO plugin. -->","yoast_head_json":{"title":"Permaculture : Mythe ou r\u00e9alit\u00e9 ? 3\u00e8me \u00e9dition 10.05.2019 - Permakultur-Landwirtschaft","robots":{"index":"index","follow":"follow","max-snippet":"max-snippet:-1","max-image-preview":"max-image-preview:large","max-video-preview":"max-video-preview:-1"},"canonical":"https:\/\/permakultur-landwirtschaft.org\/fr\/permaculture-mythe-ou-realite-3eme-edition\/","og_locale":"fr_FR","og_type":"article","og_title":"Permaculture : Mythe ou r\u00e9alit\u00e9 ? 3\u00e8me \u00e9dition 10.05.2019 - Permakultur-Landwirtschaft","og_description":"FiBL Anlass zu Permakultur Contenu Qu\u2019est-ce que la permaculture et comment peut-elle vous servir dans vos pratiques agricoles? Pr\u00e9sentation de r\u00e9sultats de recherche sur la rentabilit\u00e9 \u00e9conomique. T\u00e9moignages et exemples de pratiques en mara\u00eechage, arboriculture, grandes cultures et \u00e9levage. Date Vendredi, 10 mai 2019, de 8h30 \u00e0 17h00 Lieu Agrilogie Marcelin, Morges VD Mehr Informationen [&hellip;]","og_url":"https:\/\/permakultur-landwirtschaft.org\/fr\/permaculture-mythe-ou-realite-3eme-edition\/","og_site_name":"Permakultur-Landwirtschaft","article_publisher":"https:\/\/www.facebook.com\/PermakulturLandwirtschaft","article_published_time":"2019-01-20T08:22:04+00:00","article_modified_time":"2019-06-01T09:56:59+00:00","og_image":[{"width":282,"height":196,"url":"https:\/\/permakultur-landwirtschaft.org\/wp-content\/uploads\/2019\/03\/fiblcsm_permaculture-2019_62d76a40c0.jpg","type":"image\/jpeg"}],"author":"adrian reutimann","twitter_card":"summary_large_image","twitter_misc":{"\u00c9crit par":"adrian reutimann"},"schema":{"@context":"https:\/\/schema.org","@graph":[{"@type":"Article","@id":"https:\/\/permakultur-landwirtschaft.org\/permaculture-mythe-ou-realite-3eme-edition\/#article","isPartOf":{"@id":"https:\/\/permakultur-landwirtschaft.org\/permaculture-mythe-ou-realite-3eme-edition\/"},"author":{"name":"adrian reutimann","@id":"https:\/\/permakultur-landwirtschaft.org\/#\/schema\/person\/6b0467872f75aed3e144093f9bf4f0b0"},"headline":"Permaculture : Mythe ou r\u00e9alit\u00e9 ? 3\u00e8me \u00e9dition 10.05.2019","datePublished":"2019-01-20T08:22:04+00:00","dateModified":"2019-06-01T09:56:59+00:00","mainEntityOfPage":{"@id":"https:\/\/permakultur-landwirtschaft.org\/permaculture-mythe-ou-realite-3eme-edition\/"},"wordCount":65,"publisher":{"@id":"https:\/\/permakultur-landwirtschaft.org\/#organization"},"image":{"@id":"https:\/\/permakultur-landwirtschaft.org\/permaculture-mythe-ou-realite-3eme-edition\/#primaryimage"},"thumbnailUrl":"https:\/\/permakultur-landwirtschaft.org\/wp-content\/uploads\/2019\/03\/fiblcsm_permaculture-2019_62d76a40c0.jpg","articleSection":["Veranstaltungen_Archiv"],"inLanguage":"fr-FR"},{"@type":"WebPage","@id":"https:\/\/permakultur-landwirtschaft.org\/permaculture-mythe-ou-realite-3eme-edition\/","url":"https:\/\/permakultur-landwirtschaft.org\/permaculture-mythe-ou-realite-3eme-edition\/","name":"Permaculture : Mythe ou r\u00e9alit\u00e9 ? 3\u00e8me \u00e9dition 10.05.2019 - Permakultur-Landwirtschaft","isPartOf":{"@id":"https:\/\/permakultur-landwirtschaft.org\/#website"},"primaryImageOfPage":{"@id":"https:\/\/permakultur-landwirtschaft.org\/permaculture-mythe-ou-realite-3eme-edition\/#primaryimage"},"image":{"@id":"https:\/\/permakultur-landwirtschaft.org\/permaculture-mythe-ou-realite-3eme-edition\/#primaryimage"},"thumbnailUrl":"https:\/\/permakultur-landwirtschaft.org\/wp-content\/uploads\/2019\/03\/fiblcsm_permaculture-2019_62d76a40c0.jpg","datePublished":"2019-01-20T08:22:04+00:00","dateModified":"2019-06-01T09:56:59+00:00","breadcrumb":{"@id":"https:\/\/permakultur-landwirtschaft.org\/permaculture-mythe-ou-realite-3eme-edition\/#breadcrumb"},"inLanguage":"fr-FR","potentialAction":[{"@type":"ReadAction","target":["https:\/\/permakultur-landwirtschaft.org\/permaculture-mythe-ou-realite-3eme-edition\/"]}]},{"@type":"ImageObject","inLanguage":"fr-FR","@id":"https:\/\/permakultur-landwirtschaft.org\/permaculture-mythe-ou-realite-3eme-edition\/#primaryimage","url":"https:\/\/permakultur-landwirtschaft.org\/wp-content\/uploads\/2019\/03\/fiblcsm_permaculture-2019_62d76a40c0.jpg","contentUrl":"https:\/\/permakultur-landwirtschaft.org\/wp-content\/uploads\/2019\/03\/fiblcsm_permaculture-2019_62d76a40c0.jpg","width":282,"height":196},{"@type":"BreadcrumbList","@id":"https:\/\/permakultur-landwirtschaft.org\/permaculture-mythe-ou-realite-3eme-edition\/#breadcrumb","itemListElement":[{"@type":"ListItem","position":1,"name":"Startseite","item":"https:\/\/permakultur-landwirtschaft.org\/"},{"@type":"ListItem","position":2,"name":"Permaculture : Mythe ou r\u00e9alit\u00e9 ? 3\u00e8me \u00e9dition 10.05.2019"}]},{"@type":"WebSite","@id":"https:\/\/permakultur-landwirtschaft.org\/#website","url":"https:\/\/permakultur-landwirtschaft.org\/","name":"Permakultur-Landwirtschaft","description":"F\u00f6rderung der Permakultur in der Landwirtschaft","publisher":{"@id":"https:\/\/permakultur-landwirtschaft.org\/#organization"},"potentialAction":[{"@type":"SearchAction","target":{"@type":"EntryPoint","urlTemplate":"https:\/\/permakultur-landwirtschaft.org\/?s={search_term_string}"},"query-input":{"@type":"PropertyValueSpecification","valueRequired":true,"valueName":"search_term_string"}}],"inLanguage":"fr-FR"},{"@type":"Organization","@id":"https:\/\/permakultur-landwirtschaft.org\/#organization","name":"Permakultur-Landwirtschaft","alternateName":"Verein Permakultur-Landwirtschaft","url":"https:\/\/permakultur-landwirtschaft.org\/","logo":{"@type":"ImageObject","inLanguage":"fr-FR","@id":"https:\/\/permakultur-landwirtschaft.org\/#\/schema\/logo\/image\/","url":"https:\/\/permakultur-landwirtschaft.org\/wp-content\/uploads\/2021\/11\/pela_1268x1269.png","contentUrl":"https:\/\/permakultur-landwirtschaft.org\/wp-content\/uploads\/2021\/11\/pela_1268x1269.png","width":1298,"height":1269,"caption":"Permakultur-Landwirtschaft"},"image":{"@id":"https:\/\/permakultur-landwirtschaft.org\/#\/schema\/logo\/image\/"},"sameAs":["https:\/\/www.facebook.com\/PermakulturLandwirtschaft","https:\/\/www.instagram.com\/permakultur_landwirtschaft\/","https:\/\/www.flickr.com\/photos\/permakultur-landwirtschaft","https:\/\/www.youtube.com\/@PermakulturLandwirtschaft"]},{"@type":"Person","@id":"https:\/\/permakultur-landwirtschaft.org\/#\/schema\/person\/6b0467872f75aed3e144093f9bf4f0b0","name":"adrian reutimann","url":"https:\/\/permakultur-landwirtschaft.org\/fr\/author\/reutiadr\/"}]}},"_links":{"self":[{"href":"https:\/\/permakultur-landwirtschaft.org\/fr\/wp-json\/wp\/v2\/posts\/1526","targetHints":{"allow":["GET"]}}],"collection":[{"href":"https:\/\/permakultur-landwirtschaft.org\/fr\/wp-json\/wp\/v2\/posts"}],"about":[{"href":"https:\/\/permakultur-landwirtschaft.org\/fr\/wp-json\/wp\/v2\/types\/post"}],"author":[{"embeddable":true,"href":"https:\/\/permakultur-landwirtschaft.org\/fr\/wp-json\/wp\/v2\/users\/2"}],"replies":[{"embeddable":true,"href":"https:\/\/permakultur-landwirtschaft.org\/fr\/wp-json\/wp\/v2\/comments?post=1526"}],"version-history":[{"count":3,"href":"https:\/\/permakultur-landwirtschaft.org\/fr\/wp-json\/wp\/v2\/posts\/1526\/revisions"}],"predecessor-version":[{"id":1586,"href":"https:\/\/permakultur-landwirtschaft.org\/fr\/wp-json\/wp\/v2\/posts\/1526\/revisions\/1586"}],"wp:featuredmedia":[{"embeddable":true,"href":"https:\/\/permakultur-landwirtschaft.org\/fr\/wp-json\/wp\/v2\/media\/1527"}],"wp:attachment":[{"href":"https:\/\/permakultur-landwirtschaft.org\/fr\/wp-json\/wp\/v2\/media?parent=1526"}],"wp:term":[{"taxonomy":"category","embeddable":true,"href":"https:\/\/permakultur-landwirtschaft.org\/fr\/wp-json\/wp\/v2\/categories?post=1526"},{"taxonomy":"post_tag","embeddable":true,"href":"https:\/\/permakultur-landwirtschaft.org\/fr\/wp-json\/wp\/v2\/tags?post=1526"}],"curies":[{"name":"wp","href":"https:\/\/api.w.org\/{rel}","templated":true}]}}