{"id":1518,"date":"2018-08-18T17:18:57","date_gmt":"2018-08-18T15:18:57","guid":{"rendered":"http:\/\/permakultur-landwirtschaft.org\/?p=1518"},"modified":"2024-04-24T14:19:48","modified_gmt":"2024-04-24T12:19:48","slug":"ackern-fuer-die-zukunft-zdf-plan-b","status":"publish","type":"post","link":"https:\/\/permakultur-landwirtschaft.org\/fr\/ackern-fuer-die-zukunft-zdf-plan-b\/","title":{"rendered":"Ackern f\u00fcr die Zukunft ZDF plan b vom 18. August 2018"},"content":{"rendered":"<p>Beitrag vom 18.08.2018, Dauer 28 min<\/p>\n<p>Text zum Beitrag:<\/p>\n<p>Die Weltbev\u00f6lkerung w\u00e4chst. Schon heute sind die B\u00f6den oft ausgelaugt und bringen weniger Ertrag. D\u00fcnger und Pestizide haben die Ernten bisher stabilisiert. Wie lange geht das noch gut?<\/p>\n<p><a href=\"https:\/\/www.zdf.de\/gesellschaft\/plan-b\/plan-b-ackern-fuer-die-zukunft-102.html\" target=\"_blank\" rel=\"noopener noreferrer\">Link zum Beitrag<\/a><\/p>\n<p><a href=\"https:\/\/www.zdf.de\/gesellschaft\/plan-b\/plan-b-ackern-fuer-die-zukunft-102.html\" target=\"_blank\" rel=\"noopener noreferrer\"><img fetchpriority=\"high\" decoding=\"async\" class=\"alignleft size-full wp-image-1519\" src=\"https:\/\/permakultur-landwirtschaft.org\/wp-content\/uploads\/2019\/03\/Screenshot_2019-03-18-Ackern-f\u00fcr-die-Zukunft.jpg\" alt=\"\" width=\"718\" height=\"587\" srcset=\"https:\/\/permakultur-landwirtschaft.org\/wp-content\/uploads\/2019\/03\/Screenshot_2019-03-18-Ackern-f\u00fcr-die-Zukunft.jpg 718w, https:\/\/permakultur-landwirtschaft.org\/wp-content\/uploads\/2019\/03\/Screenshot_2019-03-18-Ackern-f\u00fcr-die-Zukunft-300x245.jpg 300w\" sizes=\"(max-width: 718px) 100vw, 718px\" \/><\/a><\/p>","protected":false},"excerpt":{"rendered":"<p>Beitrag vom 18.08.2018, Dauer 28 min Text zum Beitrag: Die Weltbev\u00f6lkerung w\u00e4chst. Schon heute sind die B\u00f6den oft ausgelaugt und bringen weniger Ertrag. D\u00fcnger und Pestizide haben die Ernten bisher stabilisiert. Wie lange geht das noch gut? Link zum Beitrag<\/p>","protected":false},"author":2,"featured_media":1519,"comment_status":"closed","ping_status":"closed","sticky":false,"template":"","format":"standard","meta":{"_acf_changed":false,"site-sidebar-layout":"default","site-content-layout":"","ast-site-content-layout":"default","site-content-style":"default","site-sidebar-style":"default","ast-global-header-display":"","ast-banner-title-visibility":"","ast-main-header-display":"","ast-hfb-above-header-display":"","ast-hfb-below-header-display":"","ast-hfb-mobile-header-display":"","site-post-title":"","ast-breadcrumbs-content":"","ast-featured-img":"","footer-sml-layout":"","ast-disable-related-posts":"","theme-transparent-header-meta":"","adv-header-id-meta":"","stick-header-meta":"","header-above-stick-meta":"","header-main-stick-meta":"","header-below-stick-meta":"","astra-migrate-meta-layouts":"default","ast-page-background-enabled":"default","ast-page-background-meta":{"desktop":{"background-color":"var(--ast-global-color-4)","background-image":"","background-repeat":"repeat","background-position":"center center","background-size":"auto","background-attachment":"scroll","background-type":"","background-media":"","overlay-type":"","overlay-color":"","overlay-opacity":"","overlay-gradient":""},"tablet":{"background-color":"","background-image":"","background-repeat":"repeat","background-position":"center center","background-size":"auto","background-attachment":"scroll","background-type":"","background-media":"","overlay-type":"","overlay-color":"","overlay-opacity":"","overlay-gradient":""},"mobile":{"background-color":"","background-image":"","background-repeat":"repeat","background-position":"center center","background-size":"auto","background-attachment":"scroll","background-type":"","background-media":"","overlay-type":"","overlay-color":"","overlay-opacity":"","overlay-gradient":""}},"ast-content-background-meta":{"desktop":{"background-color":"var(--ast-global-color-5)","background-image":"","background-repeat":"repeat","background-position":"center center","background-size":"auto","background-attachment":"scroll","background-type":"","background-media":"","overlay-type":"","overlay-color":"","overlay-opacity":"","overlay-gradient":""},"tablet":{"background-color":"var(--ast-global-color-5)","background-image":"","background-repeat":"repeat","background-position":"center center","background-size":"auto","background-attachment":"scroll","background-type":"","background-media":"","overlay-type":"","overlay-color":"","overlay-opacity":"","overlay-gradient":""},"mobile":{"background-color":"var(--ast-global-color-5)","background-image":"","background-repeat":"repeat","background-position":"center center","background-size":"auto","background-attachment":"scroll","background-type":"","background-media":"","overlay-type":"","overlay-color":"","overlay-opacity":"","overlay-gradient":""}},"footnotes":""},"categories":[22],"tags":[],"class_list":["post-1518","post","type-post","status-publish","format-standard","has-post-thumbnail","hentry","category-neuigkeit"],"acf":[],"yoast_head":"<!-- This site is optimized with the Yoast SEO plugin v27.5 - https:\/\/yoast.com\/product\/yoast-seo-wordpress\/ -->\n<title>Ackern f\u00fcr die Zukunft ZDF plan b vom 18. August 2018 - Permakultur-Landwirtschaft<\/title>\n<meta name=\"robots\" content=\"index, follow, max-snippet:-1, max-image-preview:large, max-video-preview:-1\" \/>\n<link rel=\"canonical\" href=\"https:\/\/permakultur-landwirtschaft.org\/fr\/ackern-fuer-die-zukunft-zdf-plan-b\/\" \/>\n<meta property=\"og:locale\" content=\"fr_FR\" \/>\n<meta property=\"og:type\" content=\"article\" \/>\n<meta property=\"og:title\" content=\"Ackern f\u00fcr die Zukunft ZDF plan b vom 18. August 2018 - Permakultur-Landwirtschaft\" \/>\n<meta property=\"og:description\" content=\"Beitrag vom 18.08.2018, Dauer 28 min Text zum Beitrag: Die Weltbev\u00f6lkerung w\u00e4chst. Schon heute sind die B\u00f6den oft ausgelaugt und bringen weniger Ertrag. D\u00fcnger und Pestizide haben die Ernten bisher stabilisiert. Wie lange geht das noch gut? Link zum Beitrag\" \/>\n<meta property=\"og:url\" content=\"https:\/\/permakultur-landwirtschaft.org\/fr\/ackern-fuer-die-zukunft-zdf-plan-b\/\" \/>\n<meta property=\"og:site_name\" content=\"Permakultur-Landwirtschaft\" \/>\n<meta property=\"article:publisher\" content=\"https:\/\/www.facebook.com\/PermakulturLandwirtschaft\" \/>\n<meta property=\"article:published_time\" content=\"2018-08-18T15:18:57+00:00\" \/>\n<meta property=\"article:modified_time\" content=\"2024-04-24T12:19:48+00:00\" \/>\n<meta property=\"og:image\" content=\"https:\/\/permakultur-landwirtschaft.org\/wp-content\/uploads\/2019\/03\/Screenshot_2019-03-18-Ackern-f\u00fcr-die-Zukunft.jpg\" \/>\n\t<meta property=\"og:image:width\" content=\"718\" \/>\n\t<meta property=\"og:image:height\" content=\"587\" \/>\n\t<meta property=\"og:image:type\" content=\"image\/jpeg\" \/>\n<meta name=\"author\" content=\"adrian reutimann\" \/>\n<meta name=\"twitter:card\" content=\"summary_large_image\" \/>\n<meta name=\"twitter:label1\" content=\"\u00c9crit par\" \/>\n\t<meta name=\"twitter:data1\" content=\"adrian reutimann\" \/>\n<script type=\"application\/ld+json\" class=\"yoast-schema-graph\">{\"@context\":\"https:\\\/\\\/schema.org\",\"@graph\":[{\"@type\":\"Article\",\"@id\":\"https:\\\/\\\/permakultur-landwirtschaft.org\\\/ackern-fuer-die-zukunft-zdf-plan-b\\\/#article\",\"isPartOf\":{\"@id\":\"https:\\\/\\\/permakultur-landwirtschaft.org\\\/ackern-fuer-die-zukunft-zdf-plan-b\\\/\"},\"author\":{\"name\":\"adrian reutimann\",\"@id\":\"https:\\\/\\\/permakultur-landwirtschaft.org\\\/#\\\/schema\\\/person\\\/6b0467872f75aed3e144093f9bf4f0b0\"},\"headline\":\"Ackern f\u00fcr die Zukunft ZDF plan b vom 18. August 2018\",\"datePublished\":\"2018-08-18T15:18:57+00:00\",\"dateModified\":\"2024-04-24T12:19:48+00:00\",\"mainEntityOfPage\":{\"@id\":\"https:\\\/\\\/permakultur-landwirtschaft.org\\\/ackern-fuer-die-zukunft-zdf-plan-b\\\/\"},\"wordCount\":52,\"publisher\":{\"@id\":\"https:\\\/\\\/permakultur-landwirtschaft.org\\\/#organization\"},\"image\":{\"@id\":\"https:\\\/\\\/permakultur-landwirtschaft.org\\\/ackern-fuer-die-zukunft-zdf-plan-b\\\/#primaryimage\"},\"thumbnailUrl\":\"https:\\\/\\\/permakultur-landwirtschaft.org\\\/wp-content\\\/uploads\\\/2019\\\/03\\\/Screenshot_2019-03-18-Ackern-f\u00fcr-die-Zukunft.jpg\",\"articleSection\":[\"Neuigkeit\"],\"inLanguage\":\"fr-FR\"},{\"@type\":\"WebPage\",\"@id\":\"https:\\\/\\\/permakultur-landwirtschaft.org\\\/ackern-fuer-die-zukunft-zdf-plan-b\\\/\",\"url\":\"https:\\\/\\\/permakultur-landwirtschaft.org\\\/ackern-fuer-die-zukunft-zdf-plan-b\\\/\",\"name\":\"Ackern f\u00fcr die Zukunft ZDF plan b vom 18. August 2018 - Permakultur-Landwirtschaft\",\"isPartOf\":{\"@id\":\"https:\\\/\\\/permakultur-landwirtschaft.org\\\/#website\"},\"primaryImageOfPage\":{\"@id\":\"https:\\\/\\\/permakultur-landwirtschaft.org\\\/ackern-fuer-die-zukunft-zdf-plan-b\\\/#primaryimage\"},\"image\":{\"@id\":\"https:\\\/\\\/permakultur-landwirtschaft.org\\\/ackern-fuer-die-zukunft-zdf-plan-b\\\/#primaryimage\"},\"thumbnailUrl\":\"https:\\\/\\\/permakultur-landwirtschaft.org\\\/wp-content\\\/uploads\\\/2019\\\/03\\\/Screenshot_2019-03-18-Ackern-f\u00fcr-die-Zukunft.jpg\",\"datePublished\":\"2018-08-18T15:18:57+00:00\",\"dateModified\":\"2024-04-24T12:19:48+00:00\",\"breadcrumb\":{\"@id\":\"https:\\\/\\\/permakultur-landwirtschaft.org\\\/ackern-fuer-die-zukunft-zdf-plan-b\\\/#breadcrumb\"},\"inLanguage\":\"fr-FR\",\"potentialAction\":[{\"@type\":\"ReadAction\",\"target\":[\"https:\\\/\\\/permakultur-landwirtschaft.org\\\/ackern-fuer-die-zukunft-zdf-plan-b\\\/\"]}]},{\"@type\":\"ImageObject\",\"inLanguage\":\"fr-FR\",\"@id\":\"https:\\\/\\\/permakultur-landwirtschaft.org\\\/ackern-fuer-die-zukunft-zdf-plan-b\\\/#primaryimage\",\"url\":\"https:\\\/\\\/permakultur-landwirtschaft.org\\\/wp-content\\\/uploads\\\/2019\\\/03\\\/Screenshot_2019-03-18-Ackern-f\u00fcr-die-Zukunft.jpg\",\"contentUrl\":\"https:\\\/\\\/permakultur-landwirtschaft.org\\\/wp-content\\\/uploads\\\/2019\\\/03\\\/Screenshot_2019-03-18-Ackern-f\u00fcr-die-Zukunft.jpg\",\"width\":718,\"height\":587},{\"@type\":\"BreadcrumbList\",\"@id\":\"https:\\\/\\\/permakultur-landwirtschaft.org\\\/ackern-fuer-die-zukunft-zdf-plan-b\\\/#breadcrumb\",\"itemListElement\":[{\"@type\":\"ListItem\",\"position\":1,\"name\":\"Startseite\",\"item\":\"https:\\\/\\\/permakultur-landwirtschaft.org\\\/\"},{\"@type\":\"ListItem\",\"position\":2,\"name\":\"Ackern f\u00fcr die Zukunft ZDF plan b vom 18. August 2018\"}]},{\"@type\":\"WebSite\",\"@id\":\"https:\\\/\\\/permakultur-landwirtschaft.org\\\/#website\",\"url\":\"https:\\\/\\\/permakultur-landwirtschaft.org\\\/\",\"name\":\"Permakultur-Landwirtschaft\",\"description\":\"F\u00f6rderung der Permakultur in der Landwirtschaft\",\"publisher\":{\"@id\":\"https:\\\/\\\/permakultur-landwirtschaft.org\\\/#organization\"},\"potentialAction\":[{\"@type\":\"SearchAction\",\"target\":{\"@type\":\"EntryPoint\",\"urlTemplate\":\"https:\\\/\\\/permakultur-landwirtschaft.org\\\/?s={search_term_string}\"},\"query-input\":{\"@type\":\"PropertyValueSpecification\",\"valueRequired\":true,\"valueName\":\"search_term_string\"}}],\"inLanguage\":\"fr-FR\"},{\"@type\":\"Organization\",\"@id\":\"https:\\\/\\\/permakultur-landwirtschaft.org\\\/#organization\",\"name\":\"Permakultur-Landwirtschaft\",\"alternateName\":\"Verein Permakultur-Landwirtschaft\",\"url\":\"https:\\\/\\\/permakultur-landwirtschaft.org\\\/\",\"logo\":{\"@type\":\"ImageObject\",\"inLanguage\":\"fr-FR\",\"@id\":\"https:\\\/\\\/permakultur-landwirtschaft.org\\\/#\\\/schema\\\/logo\\\/image\\\/\",\"url\":\"https:\\\/\\\/permakultur-landwirtschaft.org\\\/wp-content\\\/uploads\\\/2021\\\/11\\\/pela_1268x1269.png\",\"contentUrl\":\"https:\\\/\\\/permakultur-landwirtschaft.org\\\/wp-content\\\/uploads\\\/2021\\\/11\\\/pela_1268x1269.png\",\"width\":1298,\"height\":1269,\"caption\":\"Permakultur-Landwirtschaft\"},\"image\":{\"@id\":\"https:\\\/\\\/permakultur-landwirtschaft.org\\\/#\\\/schema\\\/logo\\\/image\\\/\"},\"sameAs\":[\"https:\\\/\\\/www.facebook.com\\\/PermakulturLandwirtschaft\",\"https:\\\/\\\/www.instagram.com\\\/permakultur_landwirtschaft\\\/\",\"https:\\\/\\\/www.flickr.com\\\/photos\\\/permakultur-landwirtschaft\",\"https:\\\/\\\/www.youtube.com\\\/@PermakulturLandwirtschaft\"]},{\"@type\":\"Person\",\"@id\":\"https:\\\/\\\/permakultur-landwirtschaft.org\\\/#\\\/schema\\\/person\\\/6b0467872f75aed3e144093f9bf4f0b0\",\"name\":\"adrian reutimann\",\"url\":\"https:\\\/\\\/permakultur-landwirtschaft.org\\\/fr\\\/author\\\/reutiadr\\\/\"}]}<\/script>\n<!-- \/ Yoast SEO plugin. -->","yoast_head_json":{"title":"Ackern f\u00fcr die Zukunft ZDF plan b vom 18. August 2018 - Permakultur-Landwirtschaft","robots":{"index":"index","follow":"follow","max-snippet":"max-snippet:-1","max-image-preview":"max-image-preview:large","max-video-preview":"max-video-preview:-1"},"canonical":"https:\/\/permakultur-landwirtschaft.org\/fr\/ackern-fuer-die-zukunft-zdf-plan-b\/","og_locale":"fr_FR","og_type":"article","og_title":"Ackern f\u00fcr die Zukunft ZDF plan b vom 18. August 2018 - Permakultur-Landwirtschaft","og_description":"Beitrag vom 18.08.2018, Dauer 28 min Text zum Beitrag: Die Weltbev\u00f6lkerung w\u00e4chst. Schon heute sind die B\u00f6den oft ausgelaugt und bringen weniger Ertrag. D\u00fcnger und Pestizide haben die Ernten bisher stabilisiert. Wie lange geht das noch gut? Link zum Beitrag","og_url":"https:\/\/permakultur-landwirtschaft.org\/fr\/ackern-fuer-die-zukunft-zdf-plan-b\/","og_site_name":"Permakultur-Landwirtschaft","article_publisher":"https:\/\/www.facebook.com\/PermakulturLandwirtschaft","article_published_time":"2018-08-18T15:18:57+00:00","article_modified_time":"2024-04-24T12:19:48+00:00","og_image":[{"width":718,"height":587,"url":"https:\/\/permakultur-landwirtschaft.org\/wp-content\/uploads\/2019\/03\/Screenshot_2019-03-18-Ackern-f\u00fcr-die-Zukunft.jpg","type":"image\/jpeg"}],"author":"adrian reutimann","twitter_card":"summary_large_image","twitter_misc":{"\u00c9crit par":"adrian reutimann"},"schema":{"@context":"https:\/\/schema.org","@graph":[{"@type":"Article","@id":"https:\/\/permakultur-landwirtschaft.org\/ackern-fuer-die-zukunft-zdf-plan-b\/#article","isPartOf":{"@id":"https:\/\/permakultur-landwirtschaft.org\/ackern-fuer-die-zukunft-zdf-plan-b\/"},"author":{"name":"adrian reutimann","@id":"https:\/\/permakultur-landwirtschaft.org\/#\/schema\/person\/6b0467872f75aed3e144093f9bf4f0b0"},"headline":"Ackern f\u00fcr die Zukunft ZDF plan b vom 18. August 2018","datePublished":"2018-08-18T15:18:57+00:00","dateModified":"2024-04-24T12:19:48+00:00","mainEntityOfPage":{"@id":"https:\/\/permakultur-landwirtschaft.org\/ackern-fuer-die-zukunft-zdf-plan-b\/"},"wordCount":52,"publisher":{"@id":"https:\/\/permakultur-landwirtschaft.org\/#organization"},"image":{"@id":"https:\/\/permakultur-landwirtschaft.org\/ackern-fuer-die-zukunft-zdf-plan-b\/#primaryimage"},"thumbnailUrl":"https:\/\/permakultur-landwirtschaft.org\/wp-content\/uploads\/2019\/03\/Screenshot_2019-03-18-Ackern-f\u00fcr-die-Zukunft.jpg","articleSection":["Neuigkeit"],"inLanguage":"fr-FR"},{"@type":"WebPage","@id":"https:\/\/permakultur-landwirtschaft.org\/ackern-fuer-die-zukunft-zdf-plan-b\/","url":"https:\/\/permakultur-landwirtschaft.org\/ackern-fuer-die-zukunft-zdf-plan-b\/","name":"Ackern f\u00fcr die Zukunft ZDF plan b vom 18. August 2018 - Permakultur-Landwirtschaft","isPartOf":{"@id":"https:\/\/permakultur-landwirtschaft.org\/#website"},"primaryImageOfPage":{"@id":"https:\/\/permakultur-landwirtschaft.org\/ackern-fuer-die-zukunft-zdf-plan-b\/#primaryimage"},"image":{"@id":"https:\/\/permakultur-landwirtschaft.org\/ackern-fuer-die-zukunft-zdf-plan-b\/#primaryimage"},"thumbnailUrl":"https:\/\/permakultur-landwirtschaft.org\/wp-content\/uploads\/2019\/03\/Screenshot_2019-03-18-Ackern-f\u00fcr-die-Zukunft.jpg","datePublished":"2018-08-18T15:18:57+00:00","dateModified":"2024-04-24T12:19:48+00:00","breadcrumb":{"@id":"https:\/\/permakultur-landwirtschaft.org\/ackern-fuer-die-zukunft-zdf-plan-b\/#breadcrumb"},"inLanguage":"fr-FR","potentialAction":[{"@type":"ReadAction","target":["https:\/\/permakultur-landwirtschaft.org\/ackern-fuer-die-zukunft-zdf-plan-b\/"]}]},{"@type":"ImageObject","inLanguage":"fr-FR","@id":"https:\/\/permakultur-landwirtschaft.org\/ackern-fuer-die-zukunft-zdf-plan-b\/#primaryimage","url":"https:\/\/permakultur-landwirtschaft.org\/wp-content\/uploads\/2019\/03\/Screenshot_2019-03-18-Ackern-f\u00fcr-die-Zukunft.jpg","contentUrl":"https:\/\/permakultur-landwirtschaft.org\/wp-content\/uploads\/2019\/03\/Screenshot_2019-03-18-Ackern-f\u00fcr-die-Zukunft.jpg","width":718,"height":587},{"@type":"BreadcrumbList","@id":"https:\/\/permakultur-landwirtschaft.org\/ackern-fuer-die-zukunft-zdf-plan-b\/#breadcrumb","itemListElement":[{"@type":"ListItem","position":1,"name":"Startseite","item":"https:\/\/permakultur-landwirtschaft.org\/"},{"@type":"ListItem","position":2,"name":"Ackern f\u00fcr die Zukunft ZDF plan b vom 18. August 2018"}]},{"@type":"WebSite","@id":"https:\/\/permakultur-landwirtschaft.org\/#website","url":"https:\/\/permakultur-landwirtschaft.org\/","name":"Permakultur-Landwirtschaft","description":"F\u00f6rderung der Permakultur in der Landwirtschaft","publisher":{"@id":"https:\/\/permakultur-landwirtschaft.org\/#organization"},"potentialAction":[{"@type":"SearchAction","target":{"@type":"EntryPoint","urlTemplate":"https:\/\/permakultur-landwirtschaft.org\/?s={search_term_string}"},"query-input":{"@type":"PropertyValueSpecification","valueRequired":true,"valueName":"search_term_string"}}],"inLanguage":"fr-FR"},{"@type":"Organization","@id":"https:\/\/permakultur-landwirtschaft.org\/#organization","name":"Permakultur-Landwirtschaft","alternateName":"Verein Permakultur-Landwirtschaft","url":"https:\/\/permakultur-landwirtschaft.org\/","logo":{"@type":"ImageObject","inLanguage":"fr-FR","@id":"https:\/\/permakultur-landwirtschaft.org\/#\/schema\/logo\/image\/","url":"https:\/\/permakultur-landwirtschaft.org\/wp-content\/uploads\/2021\/11\/pela_1268x1269.png","contentUrl":"https:\/\/permakultur-landwirtschaft.org\/wp-content\/uploads\/2021\/11\/pela_1268x1269.png","width":1298,"height":1269,"caption":"Permakultur-Landwirtschaft"},"image":{"@id":"https:\/\/permakultur-landwirtschaft.org\/#\/schema\/logo\/image\/"},"sameAs":["https:\/\/www.facebook.com\/PermakulturLandwirtschaft","https:\/\/www.instagram.com\/permakultur_landwirtschaft\/","https:\/\/www.flickr.com\/photos\/permakultur-landwirtschaft","https:\/\/www.youtube.com\/@PermakulturLandwirtschaft"]},{"@type":"Person","@id":"https:\/\/permakultur-landwirtschaft.org\/#\/schema\/person\/6b0467872f75aed3e144093f9bf4f0b0","name":"adrian reutimann","url":"https:\/\/permakultur-landwirtschaft.org\/fr\/author\/reutiadr\/"}]}},"_links":{"self":[{"href":"https:\/\/permakultur-landwirtschaft.org\/fr\/wp-json\/wp\/v2\/posts\/1518","targetHints":{"allow":["GET"]}}],"collection":[{"href":"https:\/\/permakultur-landwirtschaft.org\/fr\/wp-json\/wp\/v2\/posts"}],"about":[{"href":"https:\/\/permakultur-landwirtschaft.org\/fr\/wp-json\/wp\/v2\/types\/post"}],"author":[{"embeddable":true,"href":"https:\/\/permakultur-landwirtschaft.org\/fr\/wp-json\/wp\/v2\/users\/2"}],"replies":[{"embeddable":true,"href":"https:\/\/permakultur-landwirtschaft.org\/fr\/wp-json\/wp\/v2\/comments?post=1518"}],"version-history":[{"count":4,"href":"https:\/\/permakultur-landwirtschaft.org\/fr\/wp-json\/wp\/v2\/posts\/1518\/revisions"}],"predecessor-version":[{"id":1768,"href":"https:\/\/permakultur-landwirtschaft.org\/fr\/wp-json\/wp\/v2\/posts\/1518\/revisions\/1768"}],"wp:featuredmedia":[{"embeddable":true,"href":"https:\/\/permakultur-landwirtschaft.org\/fr\/wp-json\/wp\/v2\/media\/1519"}],"wp:attachment":[{"href":"https:\/\/permakultur-landwirtschaft.org\/fr\/wp-json\/wp\/v2\/media?parent=1518"}],"wp:term":[{"taxonomy":"category","embeddable":true,"href":"https:\/\/permakultur-landwirtschaft.org\/fr\/wp-json\/wp\/v2\/categories?post=1518"},{"taxonomy":"post_tag","embeddable":true,"href":"https:\/\/permakultur-landwirtschaft.org\/fr\/wp-json\/wp\/v2\/tags?post=1518"}],"curies":[{"name":"wp","href":"https:\/\/api.w.org\/{rel}","templated":true}]}}