{"id":1473,"date":"2019-06-06T21:42:32","date_gmt":"2019-06-06T19:42:32","guid":{"rendered":"http:\/\/permakultur-landwirtschaft.org\/?p=1473"},"modified":"2019-07-04T06:30:23","modified_gmt":"2019-07-04T04:30:23","slug":"impulstag-fuer-permakultur-in-der-landwirtschaft","status":"publish","type":"post","link":"https:\/\/permakultur-landwirtschaft.org\/fr\/impulstag-fuer-permakultur-in-der-landwirtschaft\/","title":{"rendered":"Impulstag f\u00fcr Permakultur in der Landwirtschaft 02.07.2019"},"content":{"rendered":"<h4>Impulstag f\u00fcr Permakultur in der Landwirtschaft<\/h4>\n<h5>Nachhaltige Lebensmittelproduktion und regionale Vermarktung<\/h5>\n<h4><span style=\"color: #993300;\"><em>Der Verein Permakultur-Landwirtschaft \u00fcbernimmt bei allen Landwirtinnen, Landwirten und Lernenden die Mitglied in unserem Verein sind, die H\u00e4flte (50.-) der Kursgeb\u00fchr. Gebt uns einfach Bescheid wenn ihr teilnehmt.<\/em><\/span><\/h4>\n<p>Am landwirtschaftliche Bildungs-, Beratungs- und Tagungszentrum \u00abInforama\u00bb des Kantons Bern wird am 2. Juli 2019 ein Impulstag f\u00fcr die Permakultur in der Landwirtschaft durchgef\u00fchrt. Hier erfahren Landwirtinnen und Landwirte, wie sie Ideen und Elemente der Permakultur in ihre bestehenden Betriebe integrieren k\u00f6nnen, und worin die Chancen und Grenzen bestehen.<\/p>\n<p>Datum:<br \/>\n02. Juli 2019<\/p>\n<p>Zeit:<br \/>\n09:15 &#8211; 16:30<\/p>\n<p>Ort:<br \/>\nINFORAMA R\u00fctti<br \/>\nCH-3052 Zollikofen (BE)<\/p>\n<p><a href=\"https:\/\/www.inforama.vol.be.ch\/inforama_vol\/de\/index\/bildung\/bildung\/weiterbildungskurse\/Kursuebersicht.html#\/weiterbildung\/acker-%20und%20futterbau\/16807\" target=\"_blank\" rel=\"noopener noreferrer\">Weitere Infos hier.<\/a><\/p>\n<p><a href=\"https:\/\/www.inforama.vol.be.ch\/inforama_vol\/de\/index\/bildung\/bildung\/weiterbildungskurse\/Kursuebersicht.html#\/weiterbildung\/acker-%20und%20futterbau\/16807\" target=\"_blank\" rel=\"noopener noreferrer\"><img decoding=\"async\" class=\"alignleft size-medium wp-image-1474\" src=\"https:\/\/permakultur-landwirtschaft.org\/wp-content\/uploads\/2018\/12\/logos_Inforama-gruen-800-300x125.jpg\" alt=\"\" width=\"300\" height=\"125\" srcset=\"https:\/\/permakultur-landwirtschaft.org\/wp-content\/uploads\/2018\/12\/logos_Inforama-gruen-800-300x125.jpg 300w, https:\/\/permakultur-landwirtschaft.org\/wp-content\/uploads\/2018\/12\/logos_Inforama-gruen-800-768x320.jpg 768w, https:\/\/permakultur-landwirtschaft.org\/wp-content\/uploads\/2018\/12\/logos_Inforama-gruen-800.jpg 937w\" sizes=\"(max-width: 300px) 100vw, 300px\" \/><\/a><\/p>","protected":false},"excerpt":{"rendered":"<p>Impulstag f\u00fcr Permakultur in der Landwirtschaft Nachhaltige Lebensmittelproduktion und regionale Vermarktung Der Verein Permakultur-Landwirtschaft \u00fcbernimmt bei allen Landwirtinnen, Landwirten und Lernenden die Mitglied in unserem Verein sind, die H\u00e4flte (50.-) der Kursgeb\u00fchr. Gebt uns einfach Bescheid wenn ihr teilnehmt. Am landwirtschaftliche Bildungs-, Beratungs- und Tagungszentrum \u00abInforama\u00bb des Kantons Bern wird am 2. Juli 2019 ein [&hellip;]<\/p>\n","protected":false},"author":2,"featured_media":1476,"comment_status":"closed","ping_status":"closed","sticky":false,"template":"","format":"standard","meta":{"_acf_changed":false,"site-sidebar-layout":"default","site-content-layout":"","ast-site-content-layout":"default","site-content-style":"default","site-sidebar-style":"default","ast-global-header-display":"","ast-banner-title-visibility":"","ast-main-header-display":"","ast-hfb-above-header-display":"","ast-hfb-below-header-display":"","ast-hfb-mobile-header-display":"","site-post-title":"","ast-breadcrumbs-content":"","ast-featured-img":"","footer-sml-layout":"","ast-disable-related-posts":"","theme-transparent-header-meta":"","adv-header-id-meta":"","stick-header-meta":"","header-above-stick-meta":"","header-main-stick-meta":"","header-below-stick-meta":"","astra-migrate-meta-layouts":"default","ast-page-background-enabled":"default","ast-page-background-meta":{"desktop":{"background-color":"var(--ast-global-color-4)","background-image":"","background-repeat":"repeat","background-position":"center center","background-size":"auto","background-attachment":"scroll","background-type":"","background-media":"","overlay-type":"","overlay-color":"","overlay-opacity":"","overlay-gradient":""},"tablet":{"background-color":"","background-image":"","background-repeat":"repeat","background-position":"center center","background-size":"auto","background-attachment":"scroll","background-type":"","background-media":"","overlay-type":"","overlay-color":"","overlay-opacity":"","overlay-gradient":""},"mobile":{"background-color":"","background-image":"","background-repeat":"repeat","background-position":"center center","background-size":"auto","background-attachment":"scroll","background-type":"","background-media":"","overlay-type":"","overlay-color":"","overlay-opacity":"","overlay-gradient":""}},"ast-content-background-meta":{"desktop":{"background-color":"var(--ast-global-color-5)","background-image":"","background-repeat":"repeat","background-position":"center center","background-size":"auto","background-attachment":"scroll","background-type":"","background-media":"","overlay-type":"","overlay-color":"","overlay-opacity":"","overlay-gradient":""},"tablet":{"background-color":"var(--ast-global-color-5)","background-image":"","background-repeat":"repeat","background-position":"center center","background-size":"auto","background-attachment":"scroll","background-type":"","background-media":"","overlay-type":"","overlay-color":"","overlay-opacity":"","overlay-gradient":""},"mobile":{"background-color":"var(--ast-global-color-5)","background-image":"","background-repeat":"repeat","background-position":"center center","background-size":"auto","background-attachment":"scroll","background-type":"","background-media":"","overlay-type":"","overlay-color":"","overlay-opacity":"","overlay-gradient":""}},"footnotes":""},"categories":[21],"tags":[],"class_list":["post-1473","post","type-post","status-publish","format-standard","has-post-thumbnail","hentry","category-veranstaltungen_archiv"],"acf":[],"yoast_head":"<!-- This site is optimized with the Yoast SEO plugin v27.5 - https:\/\/yoast.com\/product\/yoast-seo-wordpress\/ -->\n<title>Impulstag f\u00fcr Permakultur in der Landwirtschaft 02.07.2019 - Permakultur-Landwirtschaft<\/title>\n<meta name=\"robots\" content=\"index, follow, max-snippet:-1, max-image-preview:large, max-video-preview:-1\" \/>\n<link rel=\"canonical\" href=\"https:\/\/permakultur-landwirtschaft.org\/fr\/impulstag-fuer-permakultur-in-der-landwirtschaft\/\" \/>\n<meta property=\"og:locale\" content=\"fr_FR\" \/>\n<meta property=\"og:type\" content=\"article\" \/>\n<meta property=\"og:title\" content=\"Impulstag f\u00fcr Permakultur in der Landwirtschaft 02.07.2019 - Permakultur-Landwirtschaft\" \/>\n<meta property=\"og:description\" content=\"Impulstag f\u00fcr Permakultur in der Landwirtschaft Nachhaltige Lebensmittelproduktion und regionale Vermarktung Der Verein Permakultur-Landwirtschaft \u00fcbernimmt bei allen Landwirtinnen, Landwirten und Lernenden die Mitglied in unserem Verein sind, die H\u00e4flte (50.-) der Kursgeb\u00fchr. Gebt uns einfach Bescheid wenn ihr teilnehmt. Am landwirtschaftliche Bildungs-, Beratungs- und Tagungszentrum \u00abInforama\u00bb des Kantons Bern wird am 2. Juli 2019 ein [&hellip;]\" \/>\n<meta property=\"og:url\" content=\"https:\/\/permakultur-landwirtschaft.org\/fr\/impulstag-fuer-permakultur-in-der-landwirtschaft\/\" \/>\n<meta property=\"og:site_name\" content=\"Permakultur-Landwirtschaft\" \/>\n<meta property=\"article:publisher\" content=\"https:\/\/www.facebook.com\/PermakulturLandwirtschaft\" \/>\n<meta property=\"article:published_time\" content=\"2019-06-06T19:42:32+00:00\" \/>\n<meta property=\"article:modified_time\" content=\"2019-07-04T04:30:23+00:00\" \/>\n<meta property=\"og:image\" content=\"https:\/\/permakultur-landwirtschaft.org\/wp-content\/uploads\/2018\/12\/logos_Inforama-gruen-800_quadrat.jpg\" \/>\n\t<meta property=\"og:image:width\" content=\"469\" \/>\n\t<meta property=\"og:image:height\" content=\"333\" \/>\n\t<meta property=\"og:image:type\" content=\"image\/jpeg\" \/>\n<meta name=\"author\" content=\"adrian reutimann\" \/>\n<meta name=\"twitter:card\" content=\"summary_large_image\" \/>\n<meta name=\"twitter:label1\" content=\"\u00c9crit par\" \/>\n\t<meta name=\"twitter:data1\" content=\"adrian reutimann\" \/>\n\t<meta name=\"twitter:label2\" content=\"Dur\u00e9e de lecture estim\u00e9e\" \/>\n\t<meta name=\"twitter:data2\" content=\"1 minute\" \/>\n<script type=\"application\/ld+json\" class=\"yoast-schema-graph\">{\"@context\":\"https:\\\/\\\/schema.org\",\"@graph\":[{\"@type\":\"Article\",\"@id\":\"https:\\\/\\\/permakultur-landwirtschaft.org\\\/impulstag-fuer-permakultur-in-der-landwirtschaft\\\/#article\",\"isPartOf\":{\"@id\":\"https:\\\/\\\/permakultur-landwirtschaft.org\\\/impulstag-fuer-permakultur-in-der-landwirtschaft\\\/\"},\"author\":{\"name\":\"adrian reutimann\",\"@id\":\"https:\\\/\\\/permakultur-landwirtschaft.org\\\/#\\\/schema\\\/person\\\/6b0467872f75aed3e144093f9bf4f0b0\"},\"headline\":\"Impulstag f\u00fcr Permakultur in der Landwirtschaft 02.07.2019\",\"datePublished\":\"2019-06-06T19:42:32+00:00\",\"dateModified\":\"2019-07-04T04:30:23+00:00\",\"mainEntityOfPage\":{\"@id\":\"https:\\\/\\\/permakultur-landwirtschaft.org\\\/impulstag-fuer-permakultur-in-der-landwirtschaft\\\/\"},\"wordCount\":113,\"publisher\":{\"@id\":\"https:\\\/\\\/permakultur-landwirtschaft.org\\\/#organization\"},\"image\":{\"@id\":\"https:\\\/\\\/permakultur-landwirtschaft.org\\\/impulstag-fuer-permakultur-in-der-landwirtschaft\\\/#primaryimage\"},\"thumbnailUrl\":\"https:\\\/\\\/permakultur-landwirtschaft.org\\\/wp-content\\\/uploads\\\/2018\\\/12\\\/logos_Inforama-gruen-800_quadrat.jpg\",\"articleSection\":[\"Veranstaltungen_Archiv\"],\"inLanguage\":\"fr-FR\"},{\"@type\":\"WebPage\",\"@id\":\"https:\\\/\\\/permakultur-landwirtschaft.org\\\/impulstag-fuer-permakultur-in-der-landwirtschaft\\\/\",\"url\":\"https:\\\/\\\/permakultur-landwirtschaft.org\\\/impulstag-fuer-permakultur-in-der-landwirtschaft\\\/\",\"name\":\"Impulstag f\u00fcr Permakultur in der Landwirtschaft 02.07.2019 - Permakultur-Landwirtschaft\",\"isPartOf\":{\"@id\":\"https:\\\/\\\/permakultur-landwirtschaft.org\\\/#website\"},\"primaryImageOfPage\":{\"@id\":\"https:\\\/\\\/permakultur-landwirtschaft.org\\\/impulstag-fuer-permakultur-in-der-landwirtschaft\\\/#primaryimage\"},\"image\":{\"@id\":\"https:\\\/\\\/permakultur-landwirtschaft.org\\\/impulstag-fuer-permakultur-in-der-landwirtschaft\\\/#primaryimage\"},\"thumbnailUrl\":\"https:\\\/\\\/permakultur-landwirtschaft.org\\\/wp-content\\\/uploads\\\/2018\\\/12\\\/logos_Inforama-gruen-800_quadrat.jpg\",\"datePublished\":\"2019-06-06T19:42:32+00:00\",\"dateModified\":\"2019-07-04T04:30:23+00:00\",\"breadcrumb\":{\"@id\":\"https:\\\/\\\/permakultur-landwirtschaft.org\\\/impulstag-fuer-permakultur-in-der-landwirtschaft\\\/#breadcrumb\"},\"inLanguage\":\"fr-FR\",\"potentialAction\":[{\"@type\":\"ReadAction\",\"target\":[\"https:\\\/\\\/permakultur-landwirtschaft.org\\\/impulstag-fuer-permakultur-in-der-landwirtschaft\\\/\"]}]},{\"@type\":\"ImageObject\",\"inLanguage\":\"fr-FR\",\"@id\":\"https:\\\/\\\/permakultur-landwirtschaft.org\\\/impulstag-fuer-permakultur-in-der-landwirtschaft\\\/#primaryimage\",\"url\":\"https:\\\/\\\/permakultur-landwirtschaft.org\\\/wp-content\\\/uploads\\\/2018\\\/12\\\/logos_Inforama-gruen-800_quadrat.jpg\",\"contentUrl\":\"https:\\\/\\\/permakultur-landwirtschaft.org\\\/wp-content\\\/uploads\\\/2018\\\/12\\\/logos_Inforama-gruen-800_quadrat.jpg\",\"width\":469,\"height\":333},{\"@type\":\"BreadcrumbList\",\"@id\":\"https:\\\/\\\/permakultur-landwirtschaft.org\\\/impulstag-fuer-permakultur-in-der-landwirtschaft\\\/#breadcrumb\",\"itemListElement\":[{\"@type\":\"ListItem\",\"position\":1,\"name\":\"Startseite\",\"item\":\"https:\\\/\\\/permakultur-landwirtschaft.org\\\/\"},{\"@type\":\"ListItem\",\"position\":2,\"name\":\"Impulstag f\u00fcr Permakultur in der Landwirtschaft 02.07.2019\"}]},{\"@type\":\"WebSite\",\"@id\":\"https:\\\/\\\/permakultur-landwirtschaft.org\\\/#website\",\"url\":\"https:\\\/\\\/permakultur-landwirtschaft.org\\\/\",\"name\":\"Permakultur-Landwirtschaft\",\"description\":\"F\u00f6rderung der Permakultur in der Landwirtschaft\",\"publisher\":{\"@id\":\"https:\\\/\\\/permakultur-landwirtschaft.org\\\/#organization\"},\"potentialAction\":[{\"@type\":\"SearchAction\",\"target\":{\"@type\":\"EntryPoint\",\"urlTemplate\":\"https:\\\/\\\/permakultur-landwirtschaft.org\\\/?s={search_term_string}\"},\"query-input\":{\"@type\":\"PropertyValueSpecification\",\"valueRequired\":true,\"valueName\":\"search_term_string\"}}],\"inLanguage\":\"fr-FR\"},{\"@type\":\"Organization\",\"@id\":\"https:\\\/\\\/permakultur-landwirtschaft.org\\\/#organization\",\"name\":\"Permakultur-Landwirtschaft\",\"alternateName\":\"Verein Permakultur-Landwirtschaft\",\"url\":\"https:\\\/\\\/permakultur-landwirtschaft.org\\\/\",\"logo\":{\"@type\":\"ImageObject\",\"inLanguage\":\"fr-FR\",\"@id\":\"https:\\\/\\\/permakultur-landwirtschaft.org\\\/#\\\/schema\\\/logo\\\/image\\\/\",\"url\":\"https:\\\/\\\/permakultur-landwirtschaft.org\\\/wp-content\\\/uploads\\\/2021\\\/11\\\/pela_1268x1269.png\",\"contentUrl\":\"https:\\\/\\\/permakultur-landwirtschaft.org\\\/wp-content\\\/uploads\\\/2021\\\/11\\\/pela_1268x1269.png\",\"width\":1298,\"height\":1269,\"caption\":\"Permakultur-Landwirtschaft\"},\"image\":{\"@id\":\"https:\\\/\\\/permakultur-landwirtschaft.org\\\/#\\\/schema\\\/logo\\\/image\\\/\"},\"sameAs\":[\"https:\\\/\\\/www.facebook.com\\\/PermakulturLandwirtschaft\",\"https:\\\/\\\/www.instagram.com\\\/permakultur_landwirtschaft\\\/\",\"https:\\\/\\\/www.flickr.com\\\/photos\\\/permakultur-landwirtschaft\",\"https:\\\/\\\/www.youtube.com\\\/@PermakulturLandwirtschaft\"]},{\"@type\":\"Person\",\"@id\":\"https:\\\/\\\/permakultur-landwirtschaft.org\\\/#\\\/schema\\\/person\\\/6b0467872f75aed3e144093f9bf4f0b0\",\"name\":\"adrian reutimann\",\"url\":\"https:\\\/\\\/permakultur-landwirtschaft.org\\\/fr\\\/author\\\/reutiadr\\\/\"}]}<\/script>\n<!-- \/ Yoast SEO plugin. -->","yoast_head_json":{"title":"Impulstag f\u00fcr Permakultur in der Landwirtschaft 02.07.2019 - Permakultur-Landwirtschaft","robots":{"index":"index","follow":"follow","max-snippet":"max-snippet:-1","max-image-preview":"max-image-preview:large","max-video-preview":"max-video-preview:-1"},"canonical":"https:\/\/permakultur-landwirtschaft.org\/fr\/impulstag-fuer-permakultur-in-der-landwirtschaft\/","og_locale":"fr_FR","og_type":"article","og_title":"Impulstag f\u00fcr Permakultur in der Landwirtschaft 02.07.2019 - Permakultur-Landwirtschaft","og_description":"Impulstag f\u00fcr Permakultur in der Landwirtschaft Nachhaltige Lebensmittelproduktion und regionale Vermarktung Der Verein Permakultur-Landwirtschaft \u00fcbernimmt bei allen Landwirtinnen, Landwirten und Lernenden die Mitglied in unserem Verein sind, die H\u00e4flte (50.-) der Kursgeb\u00fchr. Gebt uns einfach Bescheid wenn ihr teilnehmt. Am landwirtschaftliche Bildungs-, Beratungs- und Tagungszentrum \u00abInforama\u00bb des Kantons Bern wird am 2. Juli 2019 ein [&hellip;]","og_url":"https:\/\/permakultur-landwirtschaft.org\/fr\/impulstag-fuer-permakultur-in-der-landwirtschaft\/","og_site_name":"Permakultur-Landwirtschaft","article_publisher":"https:\/\/www.facebook.com\/PermakulturLandwirtschaft","article_published_time":"2019-06-06T19:42:32+00:00","article_modified_time":"2019-07-04T04:30:23+00:00","og_image":[{"width":469,"height":333,"url":"https:\/\/permakultur-landwirtschaft.org\/wp-content\/uploads\/2018\/12\/logos_Inforama-gruen-800_quadrat.jpg","type":"image\/jpeg"}],"author":"adrian reutimann","twitter_card":"summary_large_image","twitter_misc":{"\u00c9crit par":"adrian reutimann","Dur\u00e9e de lecture estim\u00e9e":"1 minute"},"schema":{"@context":"https:\/\/schema.org","@graph":[{"@type":"Article","@id":"https:\/\/permakultur-landwirtschaft.org\/impulstag-fuer-permakultur-in-der-landwirtschaft\/#article","isPartOf":{"@id":"https:\/\/permakultur-landwirtschaft.org\/impulstag-fuer-permakultur-in-der-landwirtschaft\/"},"author":{"name":"adrian reutimann","@id":"https:\/\/permakultur-landwirtschaft.org\/#\/schema\/person\/6b0467872f75aed3e144093f9bf4f0b0"},"headline":"Impulstag f\u00fcr Permakultur in der Landwirtschaft 02.07.2019","datePublished":"2019-06-06T19:42:32+00:00","dateModified":"2019-07-04T04:30:23+00:00","mainEntityOfPage":{"@id":"https:\/\/permakultur-landwirtschaft.org\/impulstag-fuer-permakultur-in-der-landwirtschaft\/"},"wordCount":113,"publisher":{"@id":"https:\/\/permakultur-landwirtschaft.org\/#organization"},"image":{"@id":"https:\/\/permakultur-landwirtschaft.org\/impulstag-fuer-permakultur-in-der-landwirtschaft\/#primaryimage"},"thumbnailUrl":"https:\/\/permakultur-landwirtschaft.org\/wp-content\/uploads\/2018\/12\/logos_Inforama-gruen-800_quadrat.jpg","articleSection":["Veranstaltungen_Archiv"],"inLanguage":"fr-FR"},{"@type":"WebPage","@id":"https:\/\/permakultur-landwirtschaft.org\/impulstag-fuer-permakultur-in-der-landwirtschaft\/","url":"https:\/\/permakultur-landwirtschaft.org\/impulstag-fuer-permakultur-in-der-landwirtschaft\/","name":"Impulstag f\u00fcr Permakultur in der Landwirtschaft 02.07.2019 - Permakultur-Landwirtschaft","isPartOf":{"@id":"https:\/\/permakultur-landwirtschaft.org\/#website"},"primaryImageOfPage":{"@id":"https:\/\/permakultur-landwirtschaft.org\/impulstag-fuer-permakultur-in-der-landwirtschaft\/#primaryimage"},"image":{"@id":"https:\/\/permakultur-landwirtschaft.org\/impulstag-fuer-permakultur-in-der-landwirtschaft\/#primaryimage"},"thumbnailUrl":"https:\/\/permakultur-landwirtschaft.org\/wp-content\/uploads\/2018\/12\/logos_Inforama-gruen-800_quadrat.jpg","datePublished":"2019-06-06T19:42:32+00:00","dateModified":"2019-07-04T04:30:23+00:00","breadcrumb":{"@id":"https:\/\/permakultur-landwirtschaft.org\/impulstag-fuer-permakultur-in-der-landwirtschaft\/#breadcrumb"},"inLanguage":"fr-FR","potentialAction":[{"@type":"ReadAction","target":["https:\/\/permakultur-landwirtschaft.org\/impulstag-fuer-permakultur-in-der-landwirtschaft\/"]}]},{"@type":"ImageObject","inLanguage":"fr-FR","@id":"https:\/\/permakultur-landwirtschaft.org\/impulstag-fuer-permakultur-in-der-landwirtschaft\/#primaryimage","url":"https:\/\/permakultur-landwirtschaft.org\/wp-content\/uploads\/2018\/12\/logos_Inforama-gruen-800_quadrat.jpg","contentUrl":"https:\/\/permakultur-landwirtschaft.org\/wp-content\/uploads\/2018\/12\/logos_Inforama-gruen-800_quadrat.jpg","width":469,"height":333},{"@type":"BreadcrumbList","@id":"https:\/\/permakultur-landwirtschaft.org\/impulstag-fuer-permakultur-in-der-landwirtschaft\/#breadcrumb","itemListElement":[{"@type":"ListItem","position":1,"name":"Startseite","item":"https:\/\/permakultur-landwirtschaft.org\/"},{"@type":"ListItem","position":2,"name":"Impulstag f\u00fcr Permakultur in der Landwirtschaft 02.07.2019"}]},{"@type":"WebSite","@id":"https:\/\/permakultur-landwirtschaft.org\/#website","url":"https:\/\/permakultur-landwirtschaft.org\/","name":"Permakultur-Landwirtschaft","description":"F\u00f6rderung der Permakultur in der Landwirtschaft","publisher":{"@id":"https:\/\/permakultur-landwirtschaft.org\/#organization"},"potentialAction":[{"@type":"SearchAction","target":{"@type":"EntryPoint","urlTemplate":"https:\/\/permakultur-landwirtschaft.org\/?s={search_term_string}"},"query-input":{"@type":"PropertyValueSpecification","valueRequired":true,"valueName":"search_term_string"}}],"inLanguage":"fr-FR"},{"@type":"Organization","@id":"https:\/\/permakultur-landwirtschaft.org\/#organization","name":"Permakultur-Landwirtschaft","alternateName":"Verein Permakultur-Landwirtschaft","url":"https:\/\/permakultur-landwirtschaft.org\/","logo":{"@type":"ImageObject","inLanguage":"fr-FR","@id":"https:\/\/permakultur-landwirtschaft.org\/#\/schema\/logo\/image\/","url":"https:\/\/permakultur-landwirtschaft.org\/wp-content\/uploads\/2021\/11\/pela_1268x1269.png","contentUrl":"https:\/\/permakultur-landwirtschaft.org\/wp-content\/uploads\/2021\/11\/pela_1268x1269.png","width":1298,"height":1269,"caption":"Permakultur-Landwirtschaft"},"image":{"@id":"https:\/\/permakultur-landwirtschaft.org\/#\/schema\/logo\/image\/"},"sameAs":["https:\/\/www.facebook.com\/PermakulturLandwirtschaft","https:\/\/www.instagram.com\/permakultur_landwirtschaft\/","https:\/\/www.flickr.com\/photos\/permakultur-landwirtschaft","https:\/\/www.youtube.com\/@PermakulturLandwirtschaft"]},{"@type":"Person","@id":"https:\/\/permakultur-landwirtschaft.org\/#\/schema\/person\/6b0467872f75aed3e144093f9bf4f0b0","name":"adrian reutimann","url":"https:\/\/permakultur-landwirtschaft.org\/fr\/author\/reutiadr\/"}]}},"_links":{"self":[{"href":"https:\/\/permakultur-landwirtschaft.org\/fr\/wp-json\/wp\/v2\/posts\/1473","targetHints":{"allow":["GET"]}}],"collection":[{"href":"https:\/\/permakultur-landwirtschaft.org\/fr\/wp-json\/wp\/v2\/posts"}],"about":[{"href":"https:\/\/permakultur-landwirtschaft.org\/fr\/wp-json\/wp\/v2\/types\/post"}],"author":[{"embeddable":true,"href":"https:\/\/permakultur-landwirtschaft.org\/fr\/wp-json\/wp\/v2\/users\/2"}],"replies":[{"embeddable":true,"href":"https:\/\/permakultur-landwirtschaft.org\/fr\/wp-json\/wp\/v2\/comments?post=1473"}],"version-history":[{"count":6,"href":"https:\/\/permakultur-landwirtschaft.org\/fr\/wp-json\/wp\/v2\/posts\/1473\/revisions"}],"predecessor-version":[{"id":1623,"href":"https:\/\/permakultur-landwirtschaft.org\/fr\/wp-json\/wp\/v2\/posts\/1473\/revisions\/1623"}],"wp:featuredmedia":[{"embeddable":true,"href":"https:\/\/permakultur-landwirtschaft.org\/fr\/wp-json\/wp\/v2\/media\/1476"}],"wp:attachment":[{"href":"https:\/\/permakultur-landwirtschaft.org\/fr\/wp-json\/wp\/v2\/media?parent=1473"}],"wp:term":[{"taxonomy":"category","embeddable":true,"href":"https:\/\/permakultur-landwirtschaft.org\/fr\/wp-json\/wp\/v2\/categories?post=1473"},{"taxonomy":"post_tag","embeddable":true,"href":"https:\/\/permakultur-landwirtschaft.org\/fr\/wp-json\/wp\/v2\/tags?post=1473"}],"curies":[{"name":"wp","href":"https:\/\/api.w.org\/{rel}","templated":true}]}}