{"id":1464,"date":"2022-02-01T14:03:00","date_gmt":"2022-02-01T13:03:00","guid":{"rendered":"http:\/\/permakultur-landwirtschaft.org\/?p=1464"},"modified":"2022-05-17T14:19:06","modified_gmt":"2022-05-17T12:19:06","slug":"bodenkurs-im-gruenen-2019","status":"publish","type":"post","link":"https:\/\/permakultur-landwirtschaft.org\/fr\/bodenkurs-im-gruenen-2019\/","title":{"rendered":"Bodenkurs im Gr\u00fcnen diverse Daten"},"content":{"rendered":"<p>Belebter Boden &#8211; vitale Kulturen &#8211; gute Ernte!<\/p>\n<p>Der Bodenkurs im Gr\u00fcnen ist ein gemeinsamer Jahreskurs von Gr\u00fcne Br\u00fccke \u2013 B\u00fcro f\u00fcr Regenerative Landwirtschaft und der Wenz Academy. Er wird in gastgebenden Landwirtschaftsbetrieben veranstaltet.<\/p>\n<p>Mit Dietmar N\u00e4ser und Friedrich Wenz.<\/p>\n<p>Details unter <a href=\"https:\/\/humusfarming.de\/wenz-academy\/bodenkurs-im-gruenen\/\" target=\"_blank\" rel=\"noopener noreferrer\">humusfarming.de\/wenz-academy\/bodenkurs-im-gruenen<\/a><\/p>\n<p><img fetchpriority=\"high\" decoding=\"async\" class=\"size-medium wp-image-1466 alignnone\" src=\"https:\/\/permakultur-landwirtschaft.org\/wp-content\/uploads\/2018\/11\/naeser29.11-300x221.png\" alt=\"\" width=\"300\" height=\"221\" srcset=\"https:\/\/permakultur-landwirtschaft.org\/wp-content\/uploads\/2018\/11\/naeser29.11-300x221.png 300w, https:\/\/permakultur-landwirtschaft.org\/wp-content\/uploads\/2018\/11\/naeser29.11.png 442w\" sizes=\"(max-width: 300px) 100vw, 300px\" \/><br \/>\nDietmar N\u00e4ser<\/p>\n<p><img decoding=\"async\" class=\"size-medium wp-image-1467 alignnone\" src=\"https:\/\/permakultur-landwirtschaft.org\/wp-content\/uploads\/2018\/11\/wenz29.11-300x224.png\" alt=\"\" width=\"300\" height=\"224\" srcset=\"https:\/\/permakultur-landwirtschaft.org\/wp-content\/uploads\/2018\/11\/wenz29.11-300x224.png 300w, https:\/\/permakultur-landwirtschaft.org\/wp-content\/uploads\/2018\/11\/wenz29.11.png 441w\" sizes=\"(max-width: 300px) 100vw, 300px\" \/><br \/>\nFriedrich Wenz<\/p>\n<h3><a href=\"https:\/\/permakultur-landwirtschaft.org\/fr\/veranstaltungen\/\">Hier geht&#8217;s zur \u00dcbersicht aktuelle Veranstaltungen<\/a><\/h3>","protected":false},"excerpt":{"rendered":"<p>Belebter Boden &#8211; vitale Kulturen &#8211; gute Ernte! Der Bodenkurs im Gr\u00fcnen ist ein gemeinsamer Jahreskurs von Gr\u00fcne Br\u00fccke \u2013 B\u00fcro f\u00fcr Regenerative Landwirtschaft und der Wenz Academy. Er wird in gastgebenden Landwirtschaftsbetrieben veranstaltet. Mit Dietmar N\u00e4ser und Friedrich Wenz. Details unter humusfarming.de\/wenz-academy\/bodenkurs-im-gruenen Dietmar N\u00e4ser Friedrich Wenz Hier geht&#8217;s zur \u00dcbersicht aktuelle Veranstaltungen<\/p>","protected":false},"author":2,"featured_media":1465,"comment_status":"closed","ping_status":"closed","sticky":false,"template":"","format":"standard","meta":{"_acf_changed":false,"site-sidebar-layout":"default","site-content-layout":"","ast-site-content-layout":"default","site-content-style":"default","site-sidebar-style":"default","ast-global-header-display":"","ast-banner-title-visibility":"","ast-main-header-display":"","ast-hfb-above-header-display":"","ast-hfb-below-header-display":"","ast-hfb-mobile-header-display":"","site-post-title":"","ast-breadcrumbs-content":"","ast-featured-img":"","footer-sml-layout":"","ast-disable-related-posts":"","theme-transparent-header-meta":"","adv-header-id-meta":"","stick-header-meta":"","header-above-stick-meta":"","header-main-stick-meta":"","header-below-stick-meta":"","astra-migrate-meta-layouts":"default","ast-page-background-enabled":"default","ast-page-background-meta":{"desktop":{"background-color":"var(--ast-global-color-4)","background-image":"","background-repeat":"repeat","background-position":"center center","background-size":"auto","background-attachment":"scroll","background-type":"","background-media":"","overlay-type":"","overlay-color":"","overlay-opacity":"","overlay-gradient":""},"tablet":{"background-color":"","background-image":"","background-repeat":"repeat","background-position":"center center","background-size":"auto","background-attachment":"scroll","background-type":"","background-media":"","overlay-type":"","overlay-color":"","overlay-opacity":"","overlay-gradient":""},"mobile":{"background-color":"","background-image":"","background-repeat":"repeat","background-position":"center center","background-size":"auto","background-attachment":"scroll","background-type":"","background-media":"","overlay-type":"","overlay-color":"","overlay-opacity":"","overlay-gradient":""}},"ast-content-background-meta":{"desktop":{"background-color":"var(--ast-global-color-5)","background-image":"","background-repeat":"repeat","background-position":"center center","background-size":"auto","background-attachment":"scroll","background-type":"","background-media":"","overlay-type":"","overlay-color":"","overlay-opacity":"","overlay-gradient":""},"tablet":{"background-color":"var(--ast-global-color-5)","background-image":"","background-repeat":"repeat","background-position":"center center","background-size":"auto","background-attachment":"scroll","background-type":"","background-media":"","overlay-type":"","overlay-color":"","overlay-opacity":"","overlay-gradient":""},"mobile":{"background-color":"var(--ast-global-color-5)","background-image":"","background-repeat":"repeat","background-position":"center center","background-size":"auto","background-attachment":"scroll","background-type":"","background-media":"","overlay-type":"","overlay-color":"","overlay-opacity":"","overlay-gradient":""}},"footnotes":""},"categories":[21],"tags":[],"class_list":["post-1464","post","type-post","status-publish","format-standard","has-post-thumbnail","hentry","category-veranstaltungen_archiv"],"acf":[],"yoast_head":"<!-- This site is optimized with the Yoast SEO plugin v27.5 - https:\/\/yoast.com\/product\/yoast-seo-wordpress\/ -->\n<title>Bodenkurs im Gr\u00fcnen diverse Daten - Permakultur-Landwirtschaft<\/title>\n<meta name=\"robots\" content=\"index, follow, max-snippet:-1, max-image-preview:large, max-video-preview:-1\" \/>\n<link rel=\"canonical\" href=\"https:\/\/permakultur-landwirtschaft.org\/fr\/bodenkurs-im-gruenen-2019\/\" \/>\n<meta property=\"og:locale\" content=\"fr_FR\" \/>\n<meta property=\"og:type\" content=\"article\" \/>\n<meta property=\"og:title\" content=\"Bodenkurs im Gr\u00fcnen diverse Daten - Permakultur-Landwirtschaft\" \/>\n<meta property=\"og:description\" content=\"Belebter Boden &#8211; vitale Kulturen &#8211; gute Ernte! Der Bodenkurs im Gr\u00fcnen ist ein gemeinsamer Jahreskurs von Gr\u00fcne Br\u00fccke \u2013 B\u00fcro f\u00fcr Regenerative Landwirtschaft und der Wenz Academy. Er wird in gastgebenden Landwirtschaftsbetrieben veranstaltet. Mit Dietmar N\u00e4ser und Friedrich Wenz. Details unter humusfarming.de\/wenz-academy\/bodenkurs-im-gruenen Dietmar N\u00e4ser Friedrich Wenz Hier geht&#8217;s zur \u00dcbersicht aktuelle Veranstaltungen\" \/>\n<meta property=\"og:url\" content=\"https:\/\/permakultur-landwirtschaft.org\/fr\/bodenkurs-im-gruenen-2019\/\" \/>\n<meta property=\"og:site_name\" content=\"Permakultur-Landwirtschaft\" \/>\n<meta property=\"article:publisher\" content=\"https:\/\/www.facebook.com\/PermakulturLandwirtschaft\" \/>\n<meta property=\"article:published_time\" content=\"2022-02-01T13:03:00+00:00\" \/>\n<meta property=\"article:modified_time\" content=\"2022-05-17T12:19:06+00:00\" \/>\n<meta property=\"og:image\" content=\"https:\/\/permakultur-landwirtschaft.org\/wp-content\/uploads\/2018\/11\/BIG_wenz29.11.png\" \/>\n\t<meta property=\"og:image:width\" content=\"509\" \/>\n\t<meta property=\"og:image:height\" content=\"380\" \/>\n\t<meta property=\"og:image:type\" content=\"image\/png\" \/>\n<meta name=\"author\" content=\"adrian reutimann\" \/>\n<meta name=\"twitter:card\" content=\"summary_large_image\" \/>\n<meta name=\"twitter:label1\" content=\"\u00c9crit par\" \/>\n\t<meta name=\"twitter:data1\" content=\"adrian reutimann\" \/>\n<script type=\"application\/ld+json\" class=\"yoast-schema-graph\">{\"@context\":\"https:\\\/\\\/schema.org\",\"@graph\":[{\"@type\":\"Article\",\"@id\":\"https:\\\/\\\/permakultur-landwirtschaft.org\\\/bodenkurs-im-gruenen-2019\\\/#article\",\"isPartOf\":{\"@id\":\"https:\\\/\\\/permakultur-landwirtschaft.org\\\/bodenkurs-im-gruenen-2019\\\/\"},\"author\":{\"name\":\"adrian reutimann\",\"@id\":\"https:\\\/\\\/permakultur-landwirtschaft.org\\\/#\\\/schema\\\/person\\\/6b0467872f75aed3e144093f9bf4f0b0\"},\"headline\":\"Bodenkurs im Gr\u00fcnen diverse Daten\",\"datePublished\":\"2022-02-01T13:03:00+00:00\",\"dateModified\":\"2022-05-17T12:19:06+00:00\",\"mainEntityOfPage\":{\"@id\":\"https:\\\/\\\/permakultur-landwirtschaft.org\\\/bodenkurs-im-gruenen-2019\\\/\"},\"wordCount\":69,\"publisher\":{\"@id\":\"https:\\\/\\\/permakultur-landwirtschaft.org\\\/#organization\"},\"image\":{\"@id\":\"https:\\\/\\\/permakultur-landwirtschaft.org\\\/bodenkurs-im-gruenen-2019\\\/#primaryimage\"},\"thumbnailUrl\":\"https:\\\/\\\/permakultur-landwirtschaft.org\\\/wp-content\\\/uploads\\\/2018\\\/11\\\/BIG_wenz29.11.png\",\"articleSection\":[\"Veranstaltungen_Archiv\"],\"inLanguage\":\"fr-FR\"},{\"@type\":\"WebPage\",\"@id\":\"https:\\\/\\\/permakultur-landwirtschaft.org\\\/bodenkurs-im-gruenen-2019\\\/\",\"url\":\"https:\\\/\\\/permakultur-landwirtschaft.org\\\/bodenkurs-im-gruenen-2019\\\/\",\"name\":\"Bodenkurs im Gr\u00fcnen diverse Daten - Permakultur-Landwirtschaft\",\"isPartOf\":{\"@id\":\"https:\\\/\\\/permakultur-landwirtschaft.org\\\/#website\"},\"primaryImageOfPage\":{\"@id\":\"https:\\\/\\\/permakultur-landwirtschaft.org\\\/bodenkurs-im-gruenen-2019\\\/#primaryimage\"},\"image\":{\"@id\":\"https:\\\/\\\/permakultur-landwirtschaft.org\\\/bodenkurs-im-gruenen-2019\\\/#primaryimage\"},\"thumbnailUrl\":\"https:\\\/\\\/permakultur-landwirtschaft.org\\\/wp-content\\\/uploads\\\/2018\\\/11\\\/BIG_wenz29.11.png\",\"datePublished\":\"2022-02-01T13:03:00+00:00\",\"dateModified\":\"2022-05-17T12:19:06+00:00\",\"breadcrumb\":{\"@id\":\"https:\\\/\\\/permakultur-landwirtschaft.org\\\/bodenkurs-im-gruenen-2019\\\/#breadcrumb\"},\"inLanguage\":\"fr-FR\",\"potentialAction\":[{\"@type\":\"ReadAction\",\"target\":[\"https:\\\/\\\/permakultur-landwirtschaft.org\\\/bodenkurs-im-gruenen-2019\\\/\"]}]},{\"@type\":\"ImageObject\",\"inLanguage\":\"fr-FR\",\"@id\":\"https:\\\/\\\/permakultur-landwirtschaft.org\\\/bodenkurs-im-gruenen-2019\\\/#primaryimage\",\"url\":\"https:\\\/\\\/permakultur-landwirtschaft.org\\\/wp-content\\\/uploads\\\/2018\\\/11\\\/BIG_wenz29.11.png\",\"contentUrl\":\"https:\\\/\\\/permakultur-landwirtschaft.org\\\/wp-content\\\/uploads\\\/2018\\\/11\\\/BIG_wenz29.11.png\",\"width\":509,\"height\":380},{\"@type\":\"BreadcrumbList\",\"@id\":\"https:\\\/\\\/permakultur-landwirtschaft.org\\\/bodenkurs-im-gruenen-2019\\\/#breadcrumb\",\"itemListElement\":[{\"@type\":\"ListItem\",\"position\":1,\"name\":\"Startseite\",\"item\":\"https:\\\/\\\/permakultur-landwirtschaft.org\\\/\"},{\"@type\":\"ListItem\",\"position\":2,\"name\":\"Bodenkurs im Gr\u00fcnen diverse Daten\"}]},{\"@type\":\"WebSite\",\"@id\":\"https:\\\/\\\/permakultur-landwirtschaft.org\\\/#website\",\"url\":\"https:\\\/\\\/permakultur-landwirtschaft.org\\\/\",\"name\":\"Permakultur-Landwirtschaft\",\"description\":\"F\u00f6rderung der Permakultur in der Landwirtschaft\",\"publisher\":{\"@id\":\"https:\\\/\\\/permakultur-landwirtschaft.org\\\/#organization\"},\"potentialAction\":[{\"@type\":\"SearchAction\",\"target\":{\"@type\":\"EntryPoint\",\"urlTemplate\":\"https:\\\/\\\/permakultur-landwirtschaft.org\\\/?s={search_term_string}\"},\"query-input\":{\"@type\":\"PropertyValueSpecification\",\"valueRequired\":true,\"valueName\":\"search_term_string\"}}],\"inLanguage\":\"fr-FR\"},{\"@type\":\"Organization\",\"@id\":\"https:\\\/\\\/permakultur-landwirtschaft.org\\\/#organization\",\"name\":\"Permakultur-Landwirtschaft\",\"alternateName\":\"Verein Permakultur-Landwirtschaft\",\"url\":\"https:\\\/\\\/permakultur-landwirtschaft.org\\\/\",\"logo\":{\"@type\":\"ImageObject\",\"inLanguage\":\"fr-FR\",\"@id\":\"https:\\\/\\\/permakultur-landwirtschaft.org\\\/#\\\/schema\\\/logo\\\/image\\\/\",\"url\":\"https:\\\/\\\/permakultur-landwirtschaft.org\\\/wp-content\\\/uploads\\\/2021\\\/11\\\/pela_1268x1269.png\",\"contentUrl\":\"https:\\\/\\\/permakultur-landwirtschaft.org\\\/wp-content\\\/uploads\\\/2021\\\/11\\\/pela_1268x1269.png\",\"width\":1298,\"height\":1269,\"caption\":\"Permakultur-Landwirtschaft\"},\"image\":{\"@id\":\"https:\\\/\\\/permakultur-landwirtschaft.org\\\/#\\\/schema\\\/logo\\\/image\\\/\"},\"sameAs\":[\"https:\\\/\\\/www.facebook.com\\\/PermakulturLandwirtschaft\",\"https:\\\/\\\/www.instagram.com\\\/permakultur_landwirtschaft\\\/\",\"https:\\\/\\\/www.flickr.com\\\/photos\\\/permakultur-landwirtschaft\",\"https:\\\/\\\/www.youtube.com\\\/@PermakulturLandwirtschaft\"]},{\"@type\":\"Person\",\"@id\":\"https:\\\/\\\/permakultur-landwirtschaft.org\\\/#\\\/schema\\\/person\\\/6b0467872f75aed3e144093f9bf4f0b0\",\"name\":\"adrian reutimann\",\"url\":\"https:\\\/\\\/permakultur-landwirtschaft.org\\\/fr\\\/author\\\/reutiadr\\\/\"}]}<\/script>\n<!-- \/ Yoast SEO plugin. -->","yoast_head_json":{"title":"Bodenkurs im Gr\u00fcnen diverse Daten - Permakultur-Landwirtschaft","robots":{"index":"index","follow":"follow","max-snippet":"max-snippet:-1","max-image-preview":"max-image-preview:large","max-video-preview":"max-video-preview:-1"},"canonical":"https:\/\/permakultur-landwirtschaft.org\/fr\/bodenkurs-im-gruenen-2019\/","og_locale":"fr_FR","og_type":"article","og_title":"Bodenkurs im Gr\u00fcnen diverse Daten - Permakultur-Landwirtschaft","og_description":"Belebter Boden &#8211; vitale Kulturen &#8211; gute Ernte! Der Bodenkurs im Gr\u00fcnen ist ein gemeinsamer Jahreskurs von Gr\u00fcne Br\u00fccke \u2013 B\u00fcro f\u00fcr Regenerative Landwirtschaft und der Wenz Academy. Er wird in gastgebenden Landwirtschaftsbetrieben veranstaltet. Mit Dietmar N\u00e4ser und Friedrich Wenz. Details unter humusfarming.de\/wenz-academy\/bodenkurs-im-gruenen Dietmar N\u00e4ser Friedrich Wenz Hier geht&#8217;s zur \u00dcbersicht aktuelle Veranstaltungen","og_url":"https:\/\/permakultur-landwirtschaft.org\/fr\/bodenkurs-im-gruenen-2019\/","og_site_name":"Permakultur-Landwirtschaft","article_publisher":"https:\/\/www.facebook.com\/PermakulturLandwirtschaft","article_published_time":"2022-02-01T13:03:00+00:00","article_modified_time":"2022-05-17T12:19:06+00:00","og_image":[{"width":509,"height":380,"url":"https:\/\/permakultur-landwirtschaft.org\/wp-content\/uploads\/2018\/11\/BIG_wenz29.11.png","type":"image\/png"}],"author":"adrian reutimann","twitter_card":"summary_large_image","twitter_misc":{"\u00c9crit par":"adrian reutimann"},"schema":{"@context":"https:\/\/schema.org","@graph":[{"@type":"Article","@id":"https:\/\/permakultur-landwirtschaft.org\/bodenkurs-im-gruenen-2019\/#article","isPartOf":{"@id":"https:\/\/permakultur-landwirtschaft.org\/bodenkurs-im-gruenen-2019\/"},"author":{"name":"adrian reutimann","@id":"https:\/\/permakultur-landwirtschaft.org\/#\/schema\/person\/6b0467872f75aed3e144093f9bf4f0b0"},"headline":"Bodenkurs im Gr\u00fcnen diverse Daten","datePublished":"2022-02-01T13:03:00+00:00","dateModified":"2022-05-17T12:19:06+00:00","mainEntityOfPage":{"@id":"https:\/\/permakultur-landwirtschaft.org\/bodenkurs-im-gruenen-2019\/"},"wordCount":69,"publisher":{"@id":"https:\/\/permakultur-landwirtschaft.org\/#organization"},"image":{"@id":"https:\/\/permakultur-landwirtschaft.org\/bodenkurs-im-gruenen-2019\/#primaryimage"},"thumbnailUrl":"https:\/\/permakultur-landwirtschaft.org\/wp-content\/uploads\/2018\/11\/BIG_wenz29.11.png","articleSection":["Veranstaltungen_Archiv"],"inLanguage":"fr-FR"},{"@type":"WebPage","@id":"https:\/\/permakultur-landwirtschaft.org\/bodenkurs-im-gruenen-2019\/","url":"https:\/\/permakultur-landwirtschaft.org\/bodenkurs-im-gruenen-2019\/","name":"Bodenkurs im Gr\u00fcnen diverse Daten - Permakultur-Landwirtschaft","isPartOf":{"@id":"https:\/\/permakultur-landwirtschaft.org\/#website"},"primaryImageOfPage":{"@id":"https:\/\/permakultur-landwirtschaft.org\/bodenkurs-im-gruenen-2019\/#primaryimage"},"image":{"@id":"https:\/\/permakultur-landwirtschaft.org\/bodenkurs-im-gruenen-2019\/#primaryimage"},"thumbnailUrl":"https:\/\/permakultur-landwirtschaft.org\/wp-content\/uploads\/2018\/11\/BIG_wenz29.11.png","datePublished":"2022-02-01T13:03:00+00:00","dateModified":"2022-05-17T12:19:06+00:00","breadcrumb":{"@id":"https:\/\/permakultur-landwirtschaft.org\/bodenkurs-im-gruenen-2019\/#breadcrumb"},"inLanguage":"fr-FR","potentialAction":[{"@type":"ReadAction","target":["https:\/\/permakultur-landwirtschaft.org\/bodenkurs-im-gruenen-2019\/"]}]},{"@type":"ImageObject","inLanguage":"fr-FR","@id":"https:\/\/permakultur-landwirtschaft.org\/bodenkurs-im-gruenen-2019\/#primaryimage","url":"https:\/\/permakultur-landwirtschaft.org\/wp-content\/uploads\/2018\/11\/BIG_wenz29.11.png","contentUrl":"https:\/\/permakultur-landwirtschaft.org\/wp-content\/uploads\/2018\/11\/BIG_wenz29.11.png","width":509,"height":380},{"@type":"BreadcrumbList","@id":"https:\/\/permakultur-landwirtschaft.org\/bodenkurs-im-gruenen-2019\/#breadcrumb","itemListElement":[{"@type":"ListItem","position":1,"name":"Startseite","item":"https:\/\/permakultur-landwirtschaft.org\/"},{"@type":"ListItem","position":2,"name":"Bodenkurs im Gr\u00fcnen diverse Daten"}]},{"@type":"WebSite","@id":"https:\/\/permakultur-landwirtschaft.org\/#website","url":"https:\/\/permakultur-landwirtschaft.org\/","name":"Permakultur-Landwirtschaft","description":"F\u00f6rderung der Permakultur in der Landwirtschaft","publisher":{"@id":"https:\/\/permakultur-landwirtschaft.org\/#organization"},"potentialAction":[{"@type":"SearchAction","target":{"@type":"EntryPoint","urlTemplate":"https:\/\/permakultur-landwirtschaft.org\/?s={search_term_string}"},"query-input":{"@type":"PropertyValueSpecification","valueRequired":true,"valueName":"search_term_string"}}],"inLanguage":"fr-FR"},{"@type":"Organization","@id":"https:\/\/permakultur-landwirtschaft.org\/#organization","name":"Permakultur-Landwirtschaft","alternateName":"Verein Permakultur-Landwirtschaft","url":"https:\/\/permakultur-landwirtschaft.org\/","logo":{"@type":"ImageObject","inLanguage":"fr-FR","@id":"https:\/\/permakultur-landwirtschaft.org\/#\/schema\/logo\/image\/","url":"https:\/\/permakultur-landwirtschaft.org\/wp-content\/uploads\/2021\/11\/pela_1268x1269.png","contentUrl":"https:\/\/permakultur-landwirtschaft.org\/wp-content\/uploads\/2021\/11\/pela_1268x1269.png","width":1298,"height":1269,"caption":"Permakultur-Landwirtschaft"},"image":{"@id":"https:\/\/permakultur-landwirtschaft.org\/#\/schema\/logo\/image\/"},"sameAs":["https:\/\/www.facebook.com\/PermakulturLandwirtschaft","https:\/\/www.instagram.com\/permakultur_landwirtschaft\/","https:\/\/www.flickr.com\/photos\/permakultur-landwirtschaft","https:\/\/www.youtube.com\/@PermakulturLandwirtschaft"]},{"@type":"Person","@id":"https:\/\/permakultur-landwirtschaft.org\/#\/schema\/person\/6b0467872f75aed3e144093f9bf4f0b0","name":"adrian reutimann","url":"https:\/\/permakultur-landwirtschaft.org\/fr\/author\/reutiadr\/"}]}},"_links":{"self":[{"href":"https:\/\/permakultur-landwirtschaft.org\/fr\/wp-json\/wp\/v2\/posts\/1464","targetHints":{"allow":["GET"]}}],"collection":[{"href":"https:\/\/permakultur-landwirtschaft.org\/fr\/wp-json\/wp\/v2\/posts"}],"about":[{"href":"https:\/\/permakultur-landwirtschaft.org\/fr\/wp-json\/wp\/v2\/types\/post"}],"author":[{"embeddable":true,"href":"https:\/\/permakultur-landwirtschaft.org\/fr\/wp-json\/wp\/v2\/users\/2"}],"replies":[{"embeddable":true,"href":"https:\/\/permakultur-landwirtschaft.org\/fr\/wp-json\/wp\/v2\/comments?post=1464"}],"version-history":[{"count":5,"href":"https:\/\/permakultur-landwirtschaft.org\/fr\/wp-json\/wp\/v2\/posts\/1464\/revisions"}],"predecessor-version":[{"id":19545,"href":"https:\/\/permakultur-landwirtschaft.org\/fr\/wp-json\/wp\/v2\/posts\/1464\/revisions\/19545"}],"wp:featuredmedia":[{"embeddable":true,"href":"https:\/\/permakultur-landwirtschaft.org\/fr\/wp-json\/wp\/v2\/media\/1465"}],"wp:attachment":[{"href":"https:\/\/permakultur-landwirtschaft.org\/fr\/wp-json\/wp\/v2\/media?parent=1464"}],"wp:term":[{"taxonomy":"category","embeddable":true,"href":"https:\/\/permakultur-landwirtschaft.org\/fr\/wp-json\/wp\/v2\/categories?post=1464"},{"taxonomy":"post_tag","embeddable":true,"href":"https:\/\/permakultur-landwirtschaft.org\/fr\/wp-json\/wp\/v2\/tags?post=1464"}],"curies":[{"name":"wp","href":"https:\/\/api.w.org\/{rel}","templated":true}]}}