{"id":1388,"date":"2018-08-20T10:51:24","date_gmt":"2018-08-20T08:51:24","guid":{"rendered":"http:\/\/permakultur-landwirtschaft.org\/?p=1388"},"modified":"2018-11-15T09:22:25","modified_gmt":"2018-11-15T08:22:25","slug":"6-forum-agroforstsysteme-goettingen-de","status":"publish","type":"post","link":"https:\/\/permakultur-landwirtschaft.org\/fr\/6-forum-agroforstsysteme-goettingen-de\/","title":{"rendered":"6. Forum Agroforstsysteme in G\u00f6ttingen DE, 09-10. Oktober 2018"},"content":{"rendered":"<p>Das Forum Agroforstsysteme versteht sich nunmehr zum 6. Male in Folge als Plattform, um dieser ausgesprochen interessanten Landnutzungsform zu einem gr\u00f6\u00dferen Bekanntheitsgrad und einer fl\u00e4chenrelevanten Umsetzung zu verhelfen. \u00dcber ein vielf\u00e4ltiges Themenspektrum und entsprechende Impuls- und Kurzvortr\u00e4ge sowie mittels moderierter Posterbeitr\u00e4ge werden die aktuell wichtigsten Fragestellungen aufgegriffen und diskutiert.<\/p>\n<p>Datum: 09.-10. Oktober 2018<\/p>\n<p>Infos unter https:\/\/agroforst-info.de\/<\/p>\n<p>Workshop zum Thema:<\/p>\n<p>https:\/\/agroforst-info.de\/wp-content\/uploads\/2018\/08\/Workshop-Einladung-Flyer-1.pdf<\/p>\n<p>Datum: 08. Oktober 2018<\/p>","protected":false},"excerpt":{"rendered":"<p>Das Forum Agroforstsysteme versteht sich nunmehr zum 6. Male in Folge als Plattform, um dieser ausgesprochen interessanten Landnutzungsform zu einem gr\u00f6\u00dferen Bekanntheitsgrad und einer fl\u00e4chenrelevanten Umsetzung zu verhelfen. \u00dcber ein vielf\u00e4ltiges Themenspektrum und entsprechende Impuls- und Kurzvortr\u00e4ge sowie mittels moderierter Posterbeitr\u00e4ge werden die aktuell wichtigsten Fragestellungen aufgegriffen und diskutiert. Datum: 09.-10. Oktober 2018 Infos unter [&hellip;]<\/p>\n","protected":false},"author":2,"featured_media":1390,"comment_status":"closed","ping_status":"closed","sticky":false,"template":"","format":"standard","meta":{"_acf_changed":false,"site-sidebar-layout":"default","site-content-layout":"","ast-site-content-layout":"default","site-content-style":"default","site-sidebar-style":"default","ast-global-header-display":"","ast-banner-title-visibility":"","ast-main-header-display":"","ast-hfb-above-header-display":"","ast-hfb-below-header-display":"","ast-hfb-mobile-header-display":"","site-post-title":"","ast-breadcrumbs-content":"","ast-featured-img":"","footer-sml-layout":"","ast-disable-related-posts":"","theme-transparent-header-meta":"","adv-header-id-meta":"","stick-header-meta":"","header-above-stick-meta":"","header-main-stick-meta":"","header-below-stick-meta":"","astra-migrate-meta-layouts":"default","ast-page-background-enabled":"default","ast-page-background-meta":{"desktop":{"background-color":"var(--ast-global-color-4)","background-image":"","background-repeat":"repeat","background-position":"center center","background-size":"auto","background-attachment":"scroll","background-type":"","background-media":"","overlay-type":"","overlay-color":"","overlay-opacity":"","overlay-gradient":""},"tablet":{"background-color":"","background-image":"","background-repeat":"repeat","background-position":"center center","background-size":"auto","background-attachment":"scroll","background-type":"","background-media":"","overlay-type":"","overlay-color":"","overlay-opacity":"","overlay-gradient":""},"mobile":{"background-color":"","background-image":"","background-repeat":"repeat","background-position":"center center","background-size":"auto","background-attachment":"scroll","background-type":"","background-media":"","overlay-type":"","overlay-color":"","overlay-opacity":"","overlay-gradient":""}},"ast-content-background-meta":{"desktop":{"background-color":"var(--ast-global-color-5)","background-image":"","background-repeat":"repeat","background-position":"center center","background-size":"auto","background-attachment":"scroll","background-type":"","background-media":"","overlay-type":"","overlay-color":"","overlay-opacity":"","overlay-gradient":""},"tablet":{"background-color":"var(--ast-global-color-5)","background-image":"","background-repeat":"repeat","background-position":"center center","background-size":"auto","background-attachment":"scroll","background-type":"","background-media":"","overlay-type":"","overlay-color":"","overlay-opacity":"","overlay-gradient":""},"mobile":{"background-color":"var(--ast-global-color-5)","background-image":"","background-repeat":"repeat","background-position":"center center","background-size":"auto","background-attachment":"scroll","background-type":"","background-media":"","overlay-type":"","overlay-color":"","overlay-opacity":"","overlay-gradient":""}},"footnotes":""},"categories":[21],"tags":[],"class_list":["post-1388","post","type-post","status-publish","format-standard","has-post-thumbnail","hentry","category-veranstaltungen_archiv"],"acf":[],"yoast_head":"<!-- This site is optimized with the Yoast SEO plugin v27.5 - https:\/\/yoast.com\/product\/yoast-seo-wordpress\/ -->\n<title>6. Forum Agroforstsysteme in G\u00f6ttingen DE, 09-10. Oktober 2018 - Permakultur-Landwirtschaft<\/title>\n<meta name=\"robots\" content=\"index, follow, max-snippet:-1, max-image-preview:large, max-video-preview:-1\" \/>\n<link rel=\"canonical\" href=\"https:\/\/permakultur-landwirtschaft.org\/fr\/6-forum-agroforstsysteme-goettingen-de\/\" \/>\n<meta property=\"og:locale\" content=\"fr_FR\" \/>\n<meta property=\"og:type\" content=\"article\" \/>\n<meta property=\"og:title\" content=\"6. Forum Agroforstsysteme in G\u00f6ttingen DE, 09-10. Oktober 2018 - Permakultur-Landwirtschaft\" \/>\n<meta property=\"og:description\" content=\"Das Forum Agroforstsysteme versteht sich nunmehr zum 6. Male in Folge als Plattform, um dieser ausgesprochen interessanten Landnutzungsform zu einem gr\u00f6\u00dferen Bekanntheitsgrad und einer fl\u00e4chenrelevanten Umsetzung zu verhelfen. \u00dcber ein vielf\u00e4ltiges Themenspektrum und entsprechende Impuls- und Kurzvortr\u00e4ge sowie mittels moderierter Posterbeitr\u00e4ge werden die aktuell wichtigsten Fragestellungen aufgegriffen und diskutiert. Datum: 09.-10. Oktober 2018 Infos unter [&hellip;]\" \/>\n<meta property=\"og:url\" content=\"https:\/\/permakultur-landwirtschaft.org\/fr\/6-forum-agroforstsysteme-goettingen-de\/\" \/>\n<meta property=\"og:site_name\" content=\"Permakultur-Landwirtschaft\" \/>\n<meta property=\"article:publisher\" content=\"https:\/\/www.facebook.com\/PermakulturLandwirtschaft\" \/>\n<meta property=\"article:published_time\" content=\"2018-08-20T08:51:24+00:00\" \/>\n<meta property=\"article:modified_time\" content=\"2018-11-15T08:22:25+00:00\" \/>\n<meta property=\"og:image\" content=\"https:\/\/permakultur-landwirtschaft.org\/wp-content\/uploads\/2018\/09\/agroforst20.09.png\" \/>\n\t<meta property=\"og:image:width\" content=\"341\" \/>\n\t<meta property=\"og:image:height\" content=\"250\" \/>\n\t<meta property=\"og:image:type\" content=\"image\/png\" \/>\n<meta name=\"author\" content=\"adrian reutimann\" \/>\n<meta name=\"twitter:card\" content=\"summary_large_image\" \/>\n<meta name=\"twitter:label1\" content=\"\u00c9crit par\" \/>\n\t<meta name=\"twitter:data1\" content=\"adrian reutimann\" \/>\n<script type=\"application\/ld+json\" class=\"yoast-schema-graph\">{\"@context\":\"https:\\\/\\\/schema.org\",\"@graph\":[{\"@type\":\"Article\",\"@id\":\"https:\\\/\\\/permakultur-landwirtschaft.org\\\/6-forum-agroforstsysteme-goettingen-de\\\/#article\",\"isPartOf\":{\"@id\":\"https:\\\/\\\/permakultur-landwirtschaft.org\\\/6-forum-agroforstsysteme-goettingen-de\\\/\"},\"author\":{\"name\":\"adrian reutimann\",\"@id\":\"https:\\\/\\\/permakultur-landwirtschaft.org\\\/#\\\/schema\\\/person\\\/6b0467872f75aed3e144093f9bf4f0b0\"},\"headline\":\"6. Forum Agroforstsysteme in G\u00f6ttingen DE, 09-10. Oktober 2018\",\"datePublished\":\"2018-08-20T08:51:24+00:00\",\"dateModified\":\"2018-11-15T08:22:25+00:00\",\"mainEntityOfPage\":{\"@id\":\"https:\\\/\\\/permakultur-landwirtschaft.org\\\/6-forum-agroforstsysteme-goettingen-de\\\/\"},\"wordCount\":81,\"publisher\":{\"@id\":\"https:\\\/\\\/permakultur-landwirtschaft.org\\\/#organization\"},\"image\":{\"@id\":\"https:\\\/\\\/permakultur-landwirtschaft.org\\\/6-forum-agroforstsysteme-goettingen-de\\\/#primaryimage\"},\"thumbnailUrl\":\"https:\\\/\\\/permakultur-landwirtschaft.org\\\/wp-content\\\/uploads\\\/2018\\\/09\\\/agroforst20.09.png\",\"articleSection\":[\"Veranstaltungen_Archiv\"],\"inLanguage\":\"fr-FR\"},{\"@type\":\"WebPage\",\"@id\":\"https:\\\/\\\/permakultur-landwirtschaft.org\\\/6-forum-agroforstsysteme-goettingen-de\\\/\",\"url\":\"https:\\\/\\\/permakultur-landwirtschaft.org\\\/6-forum-agroforstsysteme-goettingen-de\\\/\",\"name\":\"6. Forum Agroforstsysteme in G\u00f6ttingen DE, 09-10. Oktober 2018 - Permakultur-Landwirtschaft\",\"isPartOf\":{\"@id\":\"https:\\\/\\\/permakultur-landwirtschaft.org\\\/#website\"},\"primaryImageOfPage\":{\"@id\":\"https:\\\/\\\/permakultur-landwirtschaft.org\\\/6-forum-agroforstsysteme-goettingen-de\\\/#primaryimage\"},\"image\":{\"@id\":\"https:\\\/\\\/permakultur-landwirtschaft.org\\\/6-forum-agroforstsysteme-goettingen-de\\\/#primaryimage\"},\"thumbnailUrl\":\"https:\\\/\\\/permakultur-landwirtschaft.org\\\/wp-content\\\/uploads\\\/2018\\\/09\\\/agroforst20.09.png\",\"datePublished\":\"2018-08-20T08:51:24+00:00\",\"dateModified\":\"2018-11-15T08:22:25+00:00\",\"breadcrumb\":{\"@id\":\"https:\\\/\\\/permakultur-landwirtschaft.org\\\/6-forum-agroforstsysteme-goettingen-de\\\/#breadcrumb\"},\"inLanguage\":\"fr-FR\",\"potentialAction\":[{\"@type\":\"ReadAction\",\"target\":[\"https:\\\/\\\/permakultur-landwirtschaft.org\\\/6-forum-agroforstsysteme-goettingen-de\\\/\"]}]},{\"@type\":\"ImageObject\",\"inLanguage\":\"fr-FR\",\"@id\":\"https:\\\/\\\/permakultur-landwirtschaft.org\\\/6-forum-agroforstsysteme-goettingen-de\\\/#primaryimage\",\"url\":\"https:\\\/\\\/permakultur-landwirtschaft.org\\\/wp-content\\\/uploads\\\/2018\\\/09\\\/agroforst20.09.png\",\"contentUrl\":\"https:\\\/\\\/permakultur-landwirtschaft.org\\\/wp-content\\\/uploads\\\/2018\\\/09\\\/agroforst20.09.png\",\"width\":341,\"height\":250},{\"@type\":\"BreadcrumbList\",\"@id\":\"https:\\\/\\\/permakultur-landwirtschaft.org\\\/6-forum-agroforstsysteme-goettingen-de\\\/#breadcrumb\",\"itemListElement\":[{\"@type\":\"ListItem\",\"position\":1,\"name\":\"Startseite\",\"item\":\"https:\\\/\\\/permakultur-landwirtschaft.org\\\/\"},{\"@type\":\"ListItem\",\"position\":2,\"name\":\"6. Forum Agroforstsysteme in G\u00f6ttingen DE, 09-10. Oktober 2018\"}]},{\"@type\":\"WebSite\",\"@id\":\"https:\\\/\\\/permakultur-landwirtschaft.org\\\/#website\",\"url\":\"https:\\\/\\\/permakultur-landwirtschaft.org\\\/\",\"name\":\"Permakultur-Landwirtschaft\",\"description\":\"F\u00f6rderung der Permakultur in der Landwirtschaft\",\"publisher\":{\"@id\":\"https:\\\/\\\/permakultur-landwirtschaft.org\\\/#organization\"},\"potentialAction\":[{\"@type\":\"SearchAction\",\"target\":{\"@type\":\"EntryPoint\",\"urlTemplate\":\"https:\\\/\\\/permakultur-landwirtschaft.org\\\/?s={search_term_string}\"},\"query-input\":{\"@type\":\"PropertyValueSpecification\",\"valueRequired\":true,\"valueName\":\"search_term_string\"}}],\"inLanguage\":\"fr-FR\"},{\"@type\":\"Organization\",\"@id\":\"https:\\\/\\\/permakultur-landwirtschaft.org\\\/#organization\",\"name\":\"Permakultur-Landwirtschaft\",\"alternateName\":\"Verein Permakultur-Landwirtschaft\",\"url\":\"https:\\\/\\\/permakultur-landwirtschaft.org\\\/\",\"logo\":{\"@type\":\"ImageObject\",\"inLanguage\":\"fr-FR\",\"@id\":\"https:\\\/\\\/permakultur-landwirtschaft.org\\\/#\\\/schema\\\/logo\\\/image\\\/\",\"url\":\"https:\\\/\\\/permakultur-landwirtschaft.org\\\/wp-content\\\/uploads\\\/2021\\\/11\\\/pela_1268x1269.png\",\"contentUrl\":\"https:\\\/\\\/permakultur-landwirtschaft.org\\\/wp-content\\\/uploads\\\/2021\\\/11\\\/pela_1268x1269.png\",\"width\":1298,\"height\":1269,\"caption\":\"Permakultur-Landwirtschaft\"},\"image\":{\"@id\":\"https:\\\/\\\/permakultur-landwirtschaft.org\\\/#\\\/schema\\\/logo\\\/image\\\/\"},\"sameAs\":[\"https:\\\/\\\/www.facebook.com\\\/PermakulturLandwirtschaft\",\"https:\\\/\\\/www.instagram.com\\\/permakultur_landwirtschaft\\\/\",\"https:\\\/\\\/www.flickr.com\\\/photos\\\/permakultur-landwirtschaft\",\"https:\\\/\\\/www.youtube.com\\\/@PermakulturLandwirtschaft\"]},{\"@type\":\"Person\",\"@id\":\"https:\\\/\\\/permakultur-landwirtschaft.org\\\/#\\\/schema\\\/person\\\/6b0467872f75aed3e144093f9bf4f0b0\",\"name\":\"adrian reutimann\",\"url\":\"https:\\\/\\\/permakultur-landwirtschaft.org\\\/fr\\\/author\\\/reutiadr\\\/\"}]}<\/script>\n<!-- \/ Yoast SEO plugin. -->","yoast_head_json":{"title":"6. Forum Agroforstsysteme in G\u00f6ttingen DE, 09-10. Oktober 2018 - Permakultur-Landwirtschaft","robots":{"index":"index","follow":"follow","max-snippet":"max-snippet:-1","max-image-preview":"max-image-preview:large","max-video-preview":"max-video-preview:-1"},"canonical":"https:\/\/permakultur-landwirtschaft.org\/fr\/6-forum-agroforstsysteme-goettingen-de\/","og_locale":"fr_FR","og_type":"article","og_title":"6. Forum Agroforstsysteme in G\u00f6ttingen DE, 09-10. Oktober 2018 - Permakultur-Landwirtschaft","og_description":"Das Forum Agroforstsysteme versteht sich nunmehr zum 6. Male in Folge als Plattform, um dieser ausgesprochen interessanten Landnutzungsform zu einem gr\u00f6\u00dferen Bekanntheitsgrad und einer fl\u00e4chenrelevanten Umsetzung zu verhelfen. \u00dcber ein vielf\u00e4ltiges Themenspektrum und entsprechende Impuls- und Kurzvortr\u00e4ge sowie mittels moderierter Posterbeitr\u00e4ge werden die aktuell wichtigsten Fragestellungen aufgegriffen und diskutiert. Datum: 09.-10. Oktober 2018 Infos unter [&hellip;]","og_url":"https:\/\/permakultur-landwirtschaft.org\/fr\/6-forum-agroforstsysteme-goettingen-de\/","og_site_name":"Permakultur-Landwirtschaft","article_publisher":"https:\/\/www.facebook.com\/PermakulturLandwirtschaft","article_published_time":"2018-08-20T08:51:24+00:00","article_modified_time":"2018-11-15T08:22:25+00:00","og_image":[{"width":341,"height":250,"url":"https:\/\/permakultur-landwirtschaft.org\/wp-content\/uploads\/2018\/09\/agroforst20.09.png","type":"image\/png"}],"author":"adrian reutimann","twitter_card":"summary_large_image","twitter_misc":{"\u00c9crit par":"adrian reutimann"},"schema":{"@context":"https:\/\/schema.org","@graph":[{"@type":"Article","@id":"https:\/\/permakultur-landwirtschaft.org\/6-forum-agroforstsysteme-goettingen-de\/#article","isPartOf":{"@id":"https:\/\/permakultur-landwirtschaft.org\/6-forum-agroforstsysteme-goettingen-de\/"},"author":{"name":"adrian reutimann","@id":"https:\/\/permakultur-landwirtschaft.org\/#\/schema\/person\/6b0467872f75aed3e144093f9bf4f0b0"},"headline":"6. Forum Agroforstsysteme in G\u00f6ttingen DE, 09-10. Oktober 2018","datePublished":"2018-08-20T08:51:24+00:00","dateModified":"2018-11-15T08:22:25+00:00","mainEntityOfPage":{"@id":"https:\/\/permakultur-landwirtschaft.org\/6-forum-agroforstsysteme-goettingen-de\/"},"wordCount":81,"publisher":{"@id":"https:\/\/permakultur-landwirtschaft.org\/#organization"},"image":{"@id":"https:\/\/permakultur-landwirtschaft.org\/6-forum-agroforstsysteme-goettingen-de\/#primaryimage"},"thumbnailUrl":"https:\/\/permakultur-landwirtschaft.org\/wp-content\/uploads\/2018\/09\/agroforst20.09.png","articleSection":["Veranstaltungen_Archiv"],"inLanguage":"fr-FR"},{"@type":"WebPage","@id":"https:\/\/permakultur-landwirtschaft.org\/6-forum-agroforstsysteme-goettingen-de\/","url":"https:\/\/permakultur-landwirtschaft.org\/6-forum-agroforstsysteme-goettingen-de\/","name":"6. Forum Agroforstsysteme in G\u00f6ttingen DE, 09-10. Oktober 2018 - Permakultur-Landwirtschaft","isPartOf":{"@id":"https:\/\/permakultur-landwirtschaft.org\/#website"},"primaryImageOfPage":{"@id":"https:\/\/permakultur-landwirtschaft.org\/6-forum-agroforstsysteme-goettingen-de\/#primaryimage"},"image":{"@id":"https:\/\/permakultur-landwirtschaft.org\/6-forum-agroforstsysteme-goettingen-de\/#primaryimage"},"thumbnailUrl":"https:\/\/permakultur-landwirtschaft.org\/wp-content\/uploads\/2018\/09\/agroforst20.09.png","datePublished":"2018-08-20T08:51:24+00:00","dateModified":"2018-11-15T08:22:25+00:00","breadcrumb":{"@id":"https:\/\/permakultur-landwirtschaft.org\/6-forum-agroforstsysteme-goettingen-de\/#breadcrumb"},"inLanguage":"fr-FR","potentialAction":[{"@type":"ReadAction","target":["https:\/\/permakultur-landwirtschaft.org\/6-forum-agroforstsysteme-goettingen-de\/"]}]},{"@type":"ImageObject","inLanguage":"fr-FR","@id":"https:\/\/permakultur-landwirtschaft.org\/6-forum-agroforstsysteme-goettingen-de\/#primaryimage","url":"https:\/\/permakultur-landwirtschaft.org\/wp-content\/uploads\/2018\/09\/agroforst20.09.png","contentUrl":"https:\/\/permakultur-landwirtschaft.org\/wp-content\/uploads\/2018\/09\/agroforst20.09.png","width":341,"height":250},{"@type":"BreadcrumbList","@id":"https:\/\/permakultur-landwirtschaft.org\/6-forum-agroforstsysteme-goettingen-de\/#breadcrumb","itemListElement":[{"@type":"ListItem","position":1,"name":"Startseite","item":"https:\/\/permakultur-landwirtschaft.org\/"},{"@type":"ListItem","position":2,"name":"6. Forum Agroforstsysteme in G\u00f6ttingen DE, 09-10. Oktober 2018"}]},{"@type":"WebSite","@id":"https:\/\/permakultur-landwirtschaft.org\/#website","url":"https:\/\/permakultur-landwirtschaft.org\/","name":"Permakultur-Landwirtschaft","description":"F\u00f6rderung der Permakultur in der Landwirtschaft","publisher":{"@id":"https:\/\/permakultur-landwirtschaft.org\/#organization"},"potentialAction":[{"@type":"SearchAction","target":{"@type":"EntryPoint","urlTemplate":"https:\/\/permakultur-landwirtschaft.org\/?s={search_term_string}"},"query-input":{"@type":"PropertyValueSpecification","valueRequired":true,"valueName":"search_term_string"}}],"inLanguage":"fr-FR"},{"@type":"Organization","@id":"https:\/\/permakultur-landwirtschaft.org\/#organization","name":"Permakultur-Landwirtschaft","alternateName":"Verein Permakultur-Landwirtschaft","url":"https:\/\/permakultur-landwirtschaft.org\/","logo":{"@type":"ImageObject","inLanguage":"fr-FR","@id":"https:\/\/permakultur-landwirtschaft.org\/#\/schema\/logo\/image\/","url":"https:\/\/permakultur-landwirtschaft.org\/wp-content\/uploads\/2021\/11\/pela_1268x1269.png","contentUrl":"https:\/\/permakultur-landwirtschaft.org\/wp-content\/uploads\/2021\/11\/pela_1268x1269.png","width":1298,"height":1269,"caption":"Permakultur-Landwirtschaft"},"image":{"@id":"https:\/\/permakultur-landwirtschaft.org\/#\/schema\/logo\/image\/"},"sameAs":["https:\/\/www.facebook.com\/PermakulturLandwirtschaft","https:\/\/www.instagram.com\/permakultur_landwirtschaft\/","https:\/\/www.flickr.com\/photos\/permakultur-landwirtschaft","https:\/\/www.youtube.com\/@PermakulturLandwirtschaft"]},{"@type":"Person","@id":"https:\/\/permakultur-landwirtschaft.org\/#\/schema\/person\/6b0467872f75aed3e144093f9bf4f0b0","name":"adrian reutimann","url":"https:\/\/permakultur-landwirtschaft.org\/fr\/author\/reutiadr\/"}]}},"_links":{"self":[{"href":"https:\/\/permakultur-landwirtschaft.org\/fr\/wp-json\/wp\/v2\/posts\/1388","targetHints":{"allow":["GET"]}}],"collection":[{"href":"https:\/\/permakultur-landwirtschaft.org\/fr\/wp-json\/wp\/v2\/posts"}],"about":[{"href":"https:\/\/permakultur-landwirtschaft.org\/fr\/wp-json\/wp\/v2\/types\/post"}],"author":[{"embeddable":true,"href":"https:\/\/permakultur-landwirtschaft.org\/fr\/wp-json\/wp\/v2\/users\/2"}],"replies":[{"embeddable":true,"href":"https:\/\/permakultur-landwirtschaft.org\/fr\/wp-json\/wp\/v2\/comments?post=1388"}],"version-history":[{"count":3,"href":"https:\/\/permakultur-landwirtschaft.org\/fr\/wp-json\/wp\/v2\/posts\/1388\/revisions"}],"predecessor-version":[{"id":1395,"href":"https:\/\/permakultur-landwirtschaft.org\/fr\/wp-json\/wp\/v2\/posts\/1388\/revisions\/1395"}],"wp:featuredmedia":[{"embeddable":true,"href":"https:\/\/permakultur-landwirtschaft.org\/fr\/wp-json\/wp\/v2\/media\/1390"}],"wp:attachment":[{"href":"https:\/\/permakultur-landwirtschaft.org\/fr\/wp-json\/wp\/v2\/media?parent=1388"}],"wp:term":[{"taxonomy":"category","embeddable":true,"href":"https:\/\/permakultur-landwirtschaft.org\/fr\/wp-json\/wp\/v2\/categories?post=1388"},{"taxonomy":"post_tag","embeddable":true,"href":"https:\/\/permakultur-landwirtschaft.org\/fr\/wp-json\/wp\/v2\/tags?post=1388"}],"curies":[{"name":"wp","href":"https:\/\/api.w.org\/{rel}","templated":true}]}}