{"id":1356,"date":"2019-02-20T09:39:08","date_gmt":"2019-02-20T08:39:08","guid":{"rendered":"http:\/\/permakultur-landwirtschaft.org\/?p=1356"},"modified":"2019-07-05T09:31:58","modified_gmt":"2019-07-05T07:31:58","slug":"landwirtschaft-filmreihe-brugg-ag-oktober-2018-bis-april-2019","status":"publish","type":"post","link":"https:\/\/permakultur-landwirtschaft.org\/fr\/landwirtschaft-filmreihe-brugg-ag-oktober-2018-bis-april-2019\/","title":{"rendered":"Filmreihe \u00fcber Landwirtschaft in Brugg AG letzter Termin am 11.04.2019"},"content":{"rendered":"<p>Diverse Filme \u00fcber die Zukunft unseres Essens. Filmreihe in Brugg AG von Oktober 2018 bis April 2019 mit Unterst\u00fctzung von Permakultur-Landwirtschaft.<\/p>\n<p>Flyer zum Anlass:<br \/>\n<a href=\"https:\/\/permakultur-landwirtschaft.org\/documents\/Landwirtschaftsreihe_Odeon_2018-2019.pdf\"><img fetchpriority=\"high\" decoding=\"async\" class=\"alignleft wp-image-1357 size-full\" src=\"https:\/\/permakultur-landwirtschaft.org\/wp-content\/uploads\/2018\/08\/baden20.08.png\" alt=\"\" width=\"663\" height=\"463\" srcset=\"https:\/\/permakultur-landwirtschaft.org\/wp-content\/uploads\/2018\/08\/baden20.08.png 663w, https:\/\/permakultur-landwirtschaft.org\/wp-content\/uploads\/2018\/08\/baden20.08-300x210.png 300w\" sizes=\"(max-width: 663px) 100vw, 663px\" \/><\/a><\/p>\n<p>&nbsp;<\/p>\n<p>&nbsp;<\/p>\n<p>&nbsp;<\/p>\n<p>&nbsp;<\/p>\n<p>&nbsp;<\/p>\n<p>&nbsp;<\/p>\n<p>&nbsp;<\/p>\n<p>&nbsp;<\/p>\n<p>&nbsp;<\/p>\n<p>&nbsp;<\/p>\n<p>&nbsp;<\/p>\n<p><a href=\"https:\/\/permakultur-landwirtschaft.org\/documents\/Landwirtschaftsreihe_Odeon_2018-2019.pdf\"><img decoding=\"async\" class=\"alignleft wp-image-1361 size-full\" src=\"https:\/\/permakultur-landwirtschaft.org\/wp-content\/uploads\/2018\/08\/brugg20.08.png\" alt=\"\" width=\"639\" height=\"444\" srcset=\"https:\/\/permakultur-landwirtschaft.org\/wp-content\/uploads\/2018\/08\/brugg20.08.png 639w, https:\/\/permakultur-landwirtschaft.org\/wp-content\/uploads\/2018\/08\/brugg20.08-300x208.png 300w, https:\/\/permakultur-landwirtschaft.org\/wp-content\/uploads\/2018\/08\/brugg20.08-160x110.png 160w\" sizes=\"(max-width: 639px) 100vw, 639px\" \/><\/a><\/p>\n<p>&nbsp;<\/p>\n<p>&nbsp;<\/p>\n<p>&nbsp;<\/p>\n<p>&nbsp;<\/p>\n<p>&nbsp;<\/p>\n<p>&nbsp;<\/p>\n<p>&nbsp;<\/p>\n<p>&nbsp;<\/p>\n<p>&nbsp;<\/p>\n<p>&nbsp;<\/p>\n<p>&nbsp;<\/p>\n<p>&nbsp;<\/p>\n<p>Ticket und Info:<br \/>\n<a href=\"http:\/\/www.odeon-brugg.ch\" target=\"_blank\" rel=\"noopener noreferrer\">www.odeon-brugg.ch<\/a><\/p>","protected":false},"excerpt":{"rendered":"<p>Diverse Filme \u00fcber die Zukunft unseres Essens. Filmreihe in Brugg AG von Oktober 2018 bis April 2019 mit Unterst\u00fctzung von Permakultur-Landwirtschaft. Flyer zum Anlass: &nbsp; &nbsp; &nbsp; &nbsp; &nbsp; &nbsp; &nbsp; &nbsp; &nbsp; &nbsp; &nbsp; &nbsp; &nbsp; &nbsp; &nbsp; &nbsp; &nbsp; &nbsp; &nbsp; &nbsp; &nbsp; &nbsp; &nbsp; Ticket und Info: www.odeon-brugg.ch<\/p>","protected":false},"author":2,"featured_media":1357,"comment_status":"closed","ping_status":"closed","sticky":false,"template":"","format":"standard","meta":{"_acf_changed":false,"site-sidebar-layout":"default","site-content-layout":"","ast-site-content-layout":"default","site-content-style":"default","site-sidebar-style":"default","ast-global-header-display":"","ast-banner-title-visibility":"","ast-main-header-display":"","ast-hfb-above-header-display":"","ast-hfb-below-header-display":"","ast-hfb-mobile-header-display":"","site-post-title":"","ast-breadcrumbs-content":"","ast-featured-img":"","footer-sml-layout":"","ast-disable-related-posts":"","theme-transparent-header-meta":"","adv-header-id-meta":"","stick-header-meta":"","header-above-stick-meta":"","header-main-stick-meta":"","header-below-stick-meta":"","astra-migrate-meta-layouts":"default","ast-page-background-enabled":"default","ast-page-background-meta":{"desktop":{"background-color":"var(--ast-global-color-4)","background-image":"","background-repeat":"repeat","background-position":"center center","background-size":"auto","background-attachment":"scroll","background-type":"","background-media":"","overlay-type":"","overlay-color":"","overlay-opacity":"","overlay-gradient":""},"tablet":{"background-color":"","background-image":"","background-repeat":"repeat","background-position":"center center","background-size":"auto","background-attachment":"scroll","background-type":"","background-media":"","overlay-type":"","overlay-color":"","overlay-opacity":"","overlay-gradient":""},"mobile":{"background-color":"","background-image":"","background-repeat":"repeat","background-position":"center center","background-size":"auto","background-attachment":"scroll","background-type":"","background-media":"","overlay-type":"","overlay-color":"","overlay-opacity":"","overlay-gradient":""}},"ast-content-background-meta":{"desktop":{"background-color":"var(--ast-global-color-5)","background-image":"","background-repeat":"repeat","background-position":"center center","background-size":"auto","background-attachment":"scroll","background-type":"","background-media":"","overlay-type":"","overlay-color":"","overlay-opacity":"","overlay-gradient":""},"tablet":{"background-color":"var(--ast-global-color-5)","background-image":"","background-repeat":"repeat","background-position":"center center","background-size":"auto","background-attachment":"scroll","background-type":"","background-media":"","overlay-type":"","overlay-color":"","overlay-opacity":"","overlay-gradient":""},"mobile":{"background-color":"var(--ast-global-color-5)","background-image":"","background-repeat":"repeat","background-position":"center center","background-size":"auto","background-attachment":"scroll","background-type":"","background-media":"","overlay-type":"","overlay-color":"","overlay-opacity":"","overlay-gradient":""}},"footnotes":""},"categories":[21],"tags":[],"class_list":["post-1356","post","type-post","status-publish","format-standard","has-post-thumbnail","hentry","category-veranstaltungen_archiv"],"acf":[],"yoast_head":"<!-- This site is optimized with the Yoast SEO plugin v27.5 - https:\/\/yoast.com\/product\/yoast-seo-wordpress\/ -->\n<title>Filmreihe \u00fcber Landwirtschaft in Brugg AG letzter Termin am 11.04.2019 - Permakultur-Landwirtschaft<\/title>\n<meta name=\"robots\" content=\"index, follow, max-snippet:-1, max-image-preview:large, max-video-preview:-1\" \/>\n<link rel=\"canonical\" href=\"https:\/\/permakultur-landwirtschaft.org\/fr\/landwirtschaft-filmreihe-brugg-ag-oktober-2018-bis-april-2019\/\" \/>\n<meta property=\"og:locale\" content=\"fr_FR\" \/>\n<meta property=\"og:type\" content=\"article\" \/>\n<meta property=\"og:title\" content=\"Filmreihe \u00fcber Landwirtschaft in Brugg AG letzter Termin am 11.04.2019 - Permakultur-Landwirtschaft\" \/>\n<meta property=\"og:description\" content=\"Diverse Filme \u00fcber die Zukunft unseres Essens. Filmreihe in Brugg AG von Oktober 2018 bis April 2019 mit Unterst\u00fctzung von Permakultur-Landwirtschaft. Flyer zum Anlass: &nbsp; &nbsp; &nbsp; &nbsp; &nbsp; &nbsp; &nbsp; &nbsp; &nbsp; &nbsp; &nbsp; &nbsp; &nbsp; &nbsp; &nbsp; &nbsp; &nbsp; &nbsp; &nbsp; &nbsp; &nbsp; &nbsp; &nbsp; Ticket und Info: www.odeon-brugg.ch\" \/>\n<meta property=\"og:url\" content=\"https:\/\/permakultur-landwirtschaft.org\/fr\/landwirtschaft-filmreihe-brugg-ag-oktober-2018-bis-april-2019\/\" \/>\n<meta property=\"og:site_name\" content=\"Permakultur-Landwirtschaft\" \/>\n<meta property=\"article:publisher\" content=\"https:\/\/www.facebook.com\/PermakulturLandwirtschaft\" \/>\n<meta property=\"article:published_time\" content=\"2019-02-20T08:39:08+00:00\" \/>\n<meta property=\"article:modified_time\" content=\"2019-07-05T07:31:58+00:00\" \/>\n<meta property=\"og:image\" content=\"https:\/\/permakultur-landwirtschaft.org\/wp-content\/uploads\/2018\/08\/baden20.08.png\" \/>\n\t<meta property=\"og:image:width\" content=\"663\" \/>\n\t<meta property=\"og:image:height\" content=\"463\" \/>\n\t<meta property=\"og:image:type\" content=\"image\/png\" \/>\n<meta name=\"author\" content=\"adrian reutimann\" \/>\n<meta name=\"twitter:card\" content=\"summary_large_image\" \/>\n<meta name=\"twitter:label1\" content=\"\u00c9crit par\" \/>\n\t<meta name=\"twitter:data1\" content=\"adrian reutimann\" \/>\n<script type=\"application\/ld+json\" class=\"yoast-schema-graph\">{\"@context\":\"https:\\\/\\\/schema.org\",\"@graph\":[{\"@type\":\"Article\",\"@id\":\"https:\\\/\\\/permakultur-landwirtschaft.org\\\/landwirtschaft-filmreihe-brugg-ag-oktober-2018-bis-april-2019\\\/#article\",\"isPartOf\":{\"@id\":\"https:\\\/\\\/permakultur-landwirtschaft.org\\\/landwirtschaft-filmreihe-brugg-ag-oktober-2018-bis-april-2019\\\/\"},\"author\":{\"name\":\"adrian reutimann\",\"@id\":\"https:\\\/\\\/permakultur-landwirtschaft.org\\\/#\\\/schema\\\/person\\\/6b0467872f75aed3e144093f9bf4f0b0\"},\"headline\":\"Filmreihe \u00fcber Landwirtschaft in Brugg AG letzter Termin am 11.04.2019\",\"datePublished\":\"2019-02-20T08:39:08+00:00\",\"dateModified\":\"2019-07-05T07:31:58+00:00\",\"mainEntityOfPage\":{\"@id\":\"https:\\\/\\\/permakultur-landwirtschaft.org\\\/landwirtschaft-filmreihe-brugg-ag-oktober-2018-bis-april-2019\\\/\"},\"wordCount\":61,\"publisher\":{\"@id\":\"https:\\\/\\\/permakultur-landwirtschaft.org\\\/#organization\"},\"image\":{\"@id\":\"https:\\\/\\\/permakultur-landwirtschaft.org\\\/landwirtschaft-filmreihe-brugg-ag-oktober-2018-bis-april-2019\\\/#primaryimage\"},\"thumbnailUrl\":\"https:\\\/\\\/permakultur-landwirtschaft.org\\\/wp-content\\\/uploads\\\/2018\\\/08\\\/baden20.08.png\",\"articleSection\":[\"Veranstaltungen_Archiv\"],\"inLanguage\":\"fr-FR\"},{\"@type\":\"WebPage\",\"@id\":\"https:\\\/\\\/permakultur-landwirtschaft.org\\\/landwirtschaft-filmreihe-brugg-ag-oktober-2018-bis-april-2019\\\/\",\"url\":\"https:\\\/\\\/permakultur-landwirtschaft.org\\\/landwirtschaft-filmreihe-brugg-ag-oktober-2018-bis-april-2019\\\/\",\"name\":\"Filmreihe \u00fcber Landwirtschaft in Brugg AG letzter Termin am 11.04.2019 - Permakultur-Landwirtschaft\",\"isPartOf\":{\"@id\":\"https:\\\/\\\/permakultur-landwirtschaft.org\\\/#website\"},\"primaryImageOfPage\":{\"@id\":\"https:\\\/\\\/permakultur-landwirtschaft.org\\\/landwirtschaft-filmreihe-brugg-ag-oktober-2018-bis-april-2019\\\/#primaryimage\"},\"image\":{\"@id\":\"https:\\\/\\\/permakultur-landwirtschaft.org\\\/landwirtschaft-filmreihe-brugg-ag-oktober-2018-bis-april-2019\\\/#primaryimage\"},\"thumbnailUrl\":\"https:\\\/\\\/permakultur-landwirtschaft.org\\\/wp-content\\\/uploads\\\/2018\\\/08\\\/baden20.08.png\",\"datePublished\":\"2019-02-20T08:39:08+00:00\",\"dateModified\":\"2019-07-05T07:31:58+00:00\",\"breadcrumb\":{\"@id\":\"https:\\\/\\\/permakultur-landwirtschaft.org\\\/landwirtschaft-filmreihe-brugg-ag-oktober-2018-bis-april-2019\\\/#breadcrumb\"},\"inLanguage\":\"fr-FR\",\"potentialAction\":[{\"@type\":\"ReadAction\",\"target\":[\"https:\\\/\\\/permakultur-landwirtschaft.org\\\/landwirtschaft-filmreihe-brugg-ag-oktober-2018-bis-april-2019\\\/\"]}]},{\"@type\":\"ImageObject\",\"inLanguage\":\"fr-FR\",\"@id\":\"https:\\\/\\\/permakultur-landwirtschaft.org\\\/landwirtschaft-filmreihe-brugg-ag-oktober-2018-bis-april-2019\\\/#primaryimage\",\"url\":\"https:\\\/\\\/permakultur-landwirtschaft.org\\\/wp-content\\\/uploads\\\/2018\\\/08\\\/baden20.08.png\",\"contentUrl\":\"https:\\\/\\\/permakultur-landwirtschaft.org\\\/wp-content\\\/uploads\\\/2018\\\/08\\\/baden20.08.png\",\"width\":663,\"height\":463},{\"@type\":\"BreadcrumbList\",\"@id\":\"https:\\\/\\\/permakultur-landwirtschaft.org\\\/landwirtschaft-filmreihe-brugg-ag-oktober-2018-bis-april-2019\\\/#breadcrumb\",\"itemListElement\":[{\"@type\":\"ListItem\",\"position\":1,\"name\":\"Startseite\",\"item\":\"https:\\\/\\\/permakultur-landwirtschaft.org\\\/\"},{\"@type\":\"ListItem\",\"position\":2,\"name\":\"Filmreihe \u00fcber Landwirtschaft in Brugg AG letzter Termin am 11.04.2019\"}]},{\"@type\":\"WebSite\",\"@id\":\"https:\\\/\\\/permakultur-landwirtschaft.org\\\/#website\",\"url\":\"https:\\\/\\\/permakultur-landwirtschaft.org\\\/\",\"name\":\"Permakultur-Landwirtschaft\",\"description\":\"F\u00f6rderung der Permakultur in der Landwirtschaft\",\"publisher\":{\"@id\":\"https:\\\/\\\/permakultur-landwirtschaft.org\\\/#organization\"},\"potentialAction\":[{\"@type\":\"SearchAction\",\"target\":{\"@type\":\"EntryPoint\",\"urlTemplate\":\"https:\\\/\\\/permakultur-landwirtschaft.org\\\/?s={search_term_string}\"},\"query-input\":{\"@type\":\"PropertyValueSpecification\",\"valueRequired\":true,\"valueName\":\"search_term_string\"}}],\"inLanguage\":\"fr-FR\"},{\"@type\":\"Organization\",\"@id\":\"https:\\\/\\\/permakultur-landwirtschaft.org\\\/#organization\",\"name\":\"Permakultur-Landwirtschaft\",\"alternateName\":\"Verein Permakultur-Landwirtschaft\",\"url\":\"https:\\\/\\\/permakultur-landwirtschaft.org\\\/\",\"logo\":{\"@type\":\"ImageObject\",\"inLanguage\":\"fr-FR\",\"@id\":\"https:\\\/\\\/permakultur-landwirtschaft.org\\\/#\\\/schema\\\/logo\\\/image\\\/\",\"url\":\"https:\\\/\\\/permakultur-landwirtschaft.org\\\/wp-content\\\/uploads\\\/2021\\\/11\\\/pela_1268x1269.png\",\"contentUrl\":\"https:\\\/\\\/permakultur-landwirtschaft.org\\\/wp-content\\\/uploads\\\/2021\\\/11\\\/pela_1268x1269.png\",\"width\":1298,\"height\":1269,\"caption\":\"Permakultur-Landwirtschaft\"},\"image\":{\"@id\":\"https:\\\/\\\/permakultur-landwirtschaft.org\\\/#\\\/schema\\\/logo\\\/image\\\/\"},\"sameAs\":[\"https:\\\/\\\/www.facebook.com\\\/PermakulturLandwirtschaft\",\"https:\\\/\\\/www.instagram.com\\\/permakultur_landwirtschaft\\\/\",\"https:\\\/\\\/www.flickr.com\\\/photos\\\/permakultur-landwirtschaft\",\"https:\\\/\\\/www.youtube.com\\\/@PermakulturLandwirtschaft\"]},{\"@type\":\"Person\",\"@id\":\"https:\\\/\\\/permakultur-landwirtschaft.org\\\/#\\\/schema\\\/person\\\/6b0467872f75aed3e144093f9bf4f0b0\",\"name\":\"adrian reutimann\",\"url\":\"https:\\\/\\\/permakultur-landwirtschaft.org\\\/fr\\\/author\\\/reutiadr\\\/\"}]}<\/script>\n<!-- \/ Yoast SEO plugin. -->","yoast_head_json":{"title":"Filmreihe \u00fcber Landwirtschaft in Brugg AG letzter Termin am 11.04.2019 - Permakultur-Landwirtschaft","robots":{"index":"index","follow":"follow","max-snippet":"max-snippet:-1","max-image-preview":"max-image-preview:large","max-video-preview":"max-video-preview:-1"},"canonical":"https:\/\/permakultur-landwirtschaft.org\/fr\/landwirtschaft-filmreihe-brugg-ag-oktober-2018-bis-april-2019\/","og_locale":"fr_FR","og_type":"article","og_title":"Filmreihe \u00fcber Landwirtschaft in Brugg AG letzter Termin am 11.04.2019 - Permakultur-Landwirtschaft","og_description":"Diverse Filme \u00fcber die Zukunft unseres Essens. Filmreihe in Brugg AG von Oktober 2018 bis April 2019 mit Unterst\u00fctzung von Permakultur-Landwirtschaft. Flyer zum Anlass: &nbsp; &nbsp; &nbsp; &nbsp; &nbsp; &nbsp; &nbsp; &nbsp; &nbsp; &nbsp; &nbsp; &nbsp; &nbsp; &nbsp; &nbsp; &nbsp; &nbsp; &nbsp; &nbsp; &nbsp; &nbsp; &nbsp; &nbsp; Ticket und Info: www.odeon-brugg.ch","og_url":"https:\/\/permakultur-landwirtschaft.org\/fr\/landwirtschaft-filmreihe-brugg-ag-oktober-2018-bis-april-2019\/","og_site_name":"Permakultur-Landwirtschaft","article_publisher":"https:\/\/www.facebook.com\/PermakulturLandwirtschaft","article_published_time":"2019-02-20T08:39:08+00:00","article_modified_time":"2019-07-05T07:31:58+00:00","og_image":[{"width":663,"height":463,"url":"https:\/\/permakultur-landwirtschaft.org\/wp-content\/uploads\/2018\/08\/baden20.08.png","type":"image\/png"}],"author":"adrian reutimann","twitter_card":"summary_large_image","twitter_misc":{"\u00c9crit par":"adrian reutimann"},"schema":{"@context":"https:\/\/schema.org","@graph":[{"@type":"Article","@id":"https:\/\/permakultur-landwirtschaft.org\/landwirtschaft-filmreihe-brugg-ag-oktober-2018-bis-april-2019\/#article","isPartOf":{"@id":"https:\/\/permakultur-landwirtschaft.org\/landwirtschaft-filmreihe-brugg-ag-oktober-2018-bis-april-2019\/"},"author":{"name":"adrian reutimann","@id":"https:\/\/permakultur-landwirtschaft.org\/#\/schema\/person\/6b0467872f75aed3e144093f9bf4f0b0"},"headline":"Filmreihe \u00fcber Landwirtschaft in Brugg AG letzter Termin am 11.04.2019","datePublished":"2019-02-20T08:39:08+00:00","dateModified":"2019-07-05T07:31:58+00:00","mainEntityOfPage":{"@id":"https:\/\/permakultur-landwirtschaft.org\/landwirtschaft-filmreihe-brugg-ag-oktober-2018-bis-april-2019\/"},"wordCount":61,"publisher":{"@id":"https:\/\/permakultur-landwirtschaft.org\/#organization"},"image":{"@id":"https:\/\/permakultur-landwirtschaft.org\/landwirtschaft-filmreihe-brugg-ag-oktober-2018-bis-april-2019\/#primaryimage"},"thumbnailUrl":"https:\/\/permakultur-landwirtschaft.org\/wp-content\/uploads\/2018\/08\/baden20.08.png","articleSection":["Veranstaltungen_Archiv"],"inLanguage":"fr-FR"},{"@type":"WebPage","@id":"https:\/\/permakultur-landwirtschaft.org\/landwirtschaft-filmreihe-brugg-ag-oktober-2018-bis-april-2019\/","url":"https:\/\/permakultur-landwirtschaft.org\/landwirtschaft-filmreihe-brugg-ag-oktober-2018-bis-april-2019\/","name":"Filmreihe \u00fcber Landwirtschaft in Brugg AG letzter Termin am 11.04.2019 - Permakultur-Landwirtschaft","isPartOf":{"@id":"https:\/\/permakultur-landwirtschaft.org\/#website"},"primaryImageOfPage":{"@id":"https:\/\/permakultur-landwirtschaft.org\/landwirtschaft-filmreihe-brugg-ag-oktober-2018-bis-april-2019\/#primaryimage"},"image":{"@id":"https:\/\/permakultur-landwirtschaft.org\/landwirtschaft-filmreihe-brugg-ag-oktober-2018-bis-april-2019\/#primaryimage"},"thumbnailUrl":"https:\/\/permakultur-landwirtschaft.org\/wp-content\/uploads\/2018\/08\/baden20.08.png","datePublished":"2019-02-20T08:39:08+00:00","dateModified":"2019-07-05T07:31:58+00:00","breadcrumb":{"@id":"https:\/\/permakultur-landwirtschaft.org\/landwirtschaft-filmreihe-brugg-ag-oktober-2018-bis-april-2019\/#breadcrumb"},"inLanguage":"fr-FR","potentialAction":[{"@type":"ReadAction","target":["https:\/\/permakultur-landwirtschaft.org\/landwirtschaft-filmreihe-brugg-ag-oktober-2018-bis-april-2019\/"]}]},{"@type":"ImageObject","inLanguage":"fr-FR","@id":"https:\/\/permakultur-landwirtschaft.org\/landwirtschaft-filmreihe-brugg-ag-oktober-2018-bis-april-2019\/#primaryimage","url":"https:\/\/permakultur-landwirtschaft.org\/wp-content\/uploads\/2018\/08\/baden20.08.png","contentUrl":"https:\/\/permakultur-landwirtschaft.org\/wp-content\/uploads\/2018\/08\/baden20.08.png","width":663,"height":463},{"@type":"BreadcrumbList","@id":"https:\/\/permakultur-landwirtschaft.org\/landwirtschaft-filmreihe-brugg-ag-oktober-2018-bis-april-2019\/#breadcrumb","itemListElement":[{"@type":"ListItem","position":1,"name":"Startseite","item":"https:\/\/permakultur-landwirtschaft.org\/"},{"@type":"ListItem","position":2,"name":"Filmreihe \u00fcber Landwirtschaft in Brugg AG letzter Termin am 11.04.2019"}]},{"@type":"WebSite","@id":"https:\/\/permakultur-landwirtschaft.org\/#website","url":"https:\/\/permakultur-landwirtschaft.org\/","name":"Permakultur-Landwirtschaft","description":"F\u00f6rderung der Permakultur in der Landwirtschaft","publisher":{"@id":"https:\/\/permakultur-landwirtschaft.org\/#organization"},"potentialAction":[{"@type":"SearchAction","target":{"@type":"EntryPoint","urlTemplate":"https:\/\/permakultur-landwirtschaft.org\/?s={search_term_string}"},"query-input":{"@type":"PropertyValueSpecification","valueRequired":true,"valueName":"search_term_string"}}],"inLanguage":"fr-FR"},{"@type":"Organization","@id":"https:\/\/permakultur-landwirtschaft.org\/#organization","name":"Permakultur-Landwirtschaft","alternateName":"Verein Permakultur-Landwirtschaft","url":"https:\/\/permakultur-landwirtschaft.org\/","logo":{"@type":"ImageObject","inLanguage":"fr-FR","@id":"https:\/\/permakultur-landwirtschaft.org\/#\/schema\/logo\/image\/","url":"https:\/\/permakultur-landwirtschaft.org\/wp-content\/uploads\/2021\/11\/pela_1268x1269.png","contentUrl":"https:\/\/permakultur-landwirtschaft.org\/wp-content\/uploads\/2021\/11\/pela_1268x1269.png","width":1298,"height":1269,"caption":"Permakultur-Landwirtschaft"},"image":{"@id":"https:\/\/permakultur-landwirtschaft.org\/#\/schema\/logo\/image\/"},"sameAs":["https:\/\/www.facebook.com\/PermakulturLandwirtschaft","https:\/\/www.instagram.com\/permakultur_landwirtschaft\/","https:\/\/www.flickr.com\/photos\/permakultur-landwirtschaft","https:\/\/www.youtube.com\/@PermakulturLandwirtschaft"]},{"@type":"Person","@id":"https:\/\/permakultur-landwirtschaft.org\/#\/schema\/person\/6b0467872f75aed3e144093f9bf4f0b0","name":"adrian reutimann","url":"https:\/\/permakultur-landwirtschaft.org\/fr\/author\/reutiadr\/"}]}},"_links":{"self":[{"href":"https:\/\/permakultur-landwirtschaft.org\/fr\/wp-json\/wp\/v2\/posts\/1356","targetHints":{"allow":["GET"]}}],"collection":[{"href":"https:\/\/permakultur-landwirtschaft.org\/fr\/wp-json\/wp\/v2\/posts"}],"about":[{"href":"https:\/\/permakultur-landwirtschaft.org\/fr\/wp-json\/wp\/v2\/types\/post"}],"author":[{"embeddable":true,"href":"https:\/\/permakultur-landwirtschaft.org\/fr\/wp-json\/wp\/v2\/users\/2"}],"replies":[{"embeddable":true,"href":"https:\/\/permakultur-landwirtschaft.org\/fr\/wp-json\/wp\/v2\/comments?post=1356"}],"version-history":[{"count":8,"href":"https:\/\/permakultur-landwirtschaft.org\/fr\/wp-json\/wp\/v2\/posts\/1356\/revisions"}],"predecessor-version":[{"id":1637,"href":"https:\/\/permakultur-landwirtschaft.org\/fr\/wp-json\/wp\/v2\/posts\/1356\/revisions\/1637"}],"wp:featuredmedia":[{"embeddable":true,"href":"https:\/\/permakultur-landwirtschaft.org\/fr\/wp-json\/wp\/v2\/media\/1357"}],"wp:attachment":[{"href":"https:\/\/permakultur-landwirtschaft.org\/fr\/wp-json\/wp\/v2\/media?parent=1356"}],"wp:term":[{"taxonomy":"category","embeddable":true,"href":"https:\/\/permakultur-landwirtschaft.org\/fr\/wp-json\/wp\/v2\/categories?post=1356"},{"taxonomy":"post_tag","embeddable":true,"href":"https:\/\/permakultur-landwirtschaft.org\/fr\/wp-json\/wp\/v2\/tags?post=1356"}],"curies":[{"name":"wp","href":"https:\/\/api.w.org\/{rel}","templated":true}]}}