{"id":1209,"date":"2018-06-16T21:03:39","date_gmt":"2018-06-16T19:03:39","guid":{"rendered":"http:\/\/permakultur-landwirtschaft.org\/?p=1209"},"modified":"2018-07-02T11:23:34","modified_gmt":"2018-07-02T09:23:34","slug":"birchhof-arbeitsevent-16-06-2018","status":"publish","type":"post","link":"https:\/\/permakultur-landwirtschaft.org\/fr\/birchhof-arbeitsevent-16-06-2018\/","title":{"rendered":"Birchhof Arbeitsevent 16.06.2018"},"content":{"rendered":"<div dir=\"ltr\">\n<p>Weitergeleitete Nachricht vom Birchhof in Oberwil-Lieli AG:<\/p>\n<p>&nbsp;<\/p>\n<p>Liebe Birchhoffreundinnen und Birchhoffreunde<\/p>\n<div><\/div>\n<div>N\u00e4chsten Samstag (16.06.) ist es wieder soweit: Die Freunde des kollektiven Erdebuddelns und Weltverbessern treffen sich auf dem Birchhof zum zweiten Arbeitsevent in diesem Jahr.<\/div>\n<div>Auch dieses Mal haben wir wieder eine Vielzahl spannender Arbeiten, die wir gerne zusammen angehen w\u00fcrden.<\/div>\n<div>Sei es die Pflege der Hecke, das Eins\u00e4en von Bl\u00fchstreifen, das Bauen von Br\u00fccken \u00fcber Teiche oder das Kompost-auf-H\u00fcgelbeete-f\u00fchren, f\u00fcr jeden und jede gibt es etwas zu tun.<\/div>\n<div>Zu Mittag werden wir von Alexandra verk\u00f6stigt und damit sie sich auf eine gewisse Gruppengr\u00f6sse einstellen kann w\u00e4re es super, wenn ihr Euch im Doodle\u00a0<span style=\"font-family: arial, helvetica, sans-serif;\">(<a href=\"https:\/\/doodle.com\/poll\/nrmdmgvi3bn89fdc\">https:\/\/doodle.com\/poll\/nrmdmgvi3bn89fdc<\/a>) eintragen w\u00fcrdet.\u00a0<\/span><\/div>\n<div>Wir treffen uns wie gewohnt um 09:00 Uhr auf dem Birchhof, ihr d\u00fcrft aber auch gerne zu einem sp\u00e4teren Zeitpunkt eintreffen.<\/div>\n<div><\/div>\n<div>Wir freuen uns auf einen sch\u00f6nen und spannenden Arbeitstag mit Euch!<\/div>\n<div><\/div>\n<div>Liebe Gr\u00fcsse<\/div>\n<div>F\u00fcr den Birchhof, Philipp<\/div>\n<\/div>","protected":false},"excerpt":{"rendered":"<p>Weitergeleitete Nachricht vom Birchhof in Oberwil-Lieli AG: &nbsp; Liebe Birchhoffreundinnen und Birchhoffreunde N\u00e4chsten Samstag (16.06.) ist es wieder soweit: Die Freunde des kollektiven Erdebuddelns und Weltverbessern treffen sich auf dem Birchhof zum zweiten Arbeitsevent in diesem Jahr. Auch dieses Mal haben wir wieder eine Vielzahl spannender Arbeiten, die wir gerne zusammen angehen w\u00fcrden. Sei es [&hellip;]<\/p>\n","protected":false},"author":2,"featured_media":1143,"comment_status":"closed","ping_status":"closed","sticky":false,"template":"","format":"standard","meta":{"_acf_changed":false,"site-sidebar-layout":"default","site-content-layout":"","ast-site-content-layout":"default","site-content-style":"default","site-sidebar-style":"default","ast-global-header-display":"","ast-banner-title-visibility":"","ast-main-header-display":"","ast-hfb-above-header-display":"","ast-hfb-below-header-display":"","ast-hfb-mobile-header-display":"","site-post-title":"","ast-breadcrumbs-content":"","ast-featured-img":"","footer-sml-layout":"","ast-disable-related-posts":"","theme-transparent-header-meta":"","adv-header-id-meta":"","stick-header-meta":"","header-above-stick-meta":"","header-main-stick-meta":"","header-below-stick-meta":"","astra-migrate-meta-layouts":"default","ast-page-background-enabled":"default","ast-page-background-meta":{"desktop":{"background-color":"var(--ast-global-color-4)","background-image":"","background-repeat":"repeat","background-position":"center center","background-size":"auto","background-attachment":"scroll","background-type":"","background-media":"","overlay-type":"","overlay-color":"","overlay-opacity":"","overlay-gradient":""},"tablet":{"background-color":"","background-image":"","background-repeat":"repeat","background-position":"center center","background-size":"auto","background-attachment":"scroll","background-type":"","background-media":"","overlay-type":"","overlay-color":"","overlay-opacity":"","overlay-gradient":""},"mobile":{"background-color":"","background-image":"","background-repeat":"repeat","background-position":"center center","background-size":"auto","background-attachment":"scroll","background-type":"","background-media":"","overlay-type":"","overlay-color":"","overlay-opacity":"","overlay-gradient":""}},"ast-content-background-meta":{"desktop":{"background-color":"var(--ast-global-color-5)","background-image":"","background-repeat":"repeat","background-position":"center center","background-size":"auto","background-attachment":"scroll","background-type":"","background-media":"","overlay-type":"","overlay-color":"","overlay-opacity":"","overlay-gradient":""},"tablet":{"background-color":"var(--ast-global-color-5)","background-image":"","background-repeat":"repeat","background-position":"center center","background-size":"auto","background-attachment":"scroll","background-type":"","background-media":"","overlay-type":"","overlay-color":"","overlay-opacity":"","overlay-gradient":""},"mobile":{"background-color":"var(--ast-global-color-5)","background-image":"","background-repeat":"repeat","background-position":"center center","background-size":"auto","background-attachment":"scroll","background-type":"","background-media":"","overlay-type":"","overlay-color":"","overlay-opacity":"","overlay-gradient":""}},"footnotes":""},"categories":[21],"tags":[],"class_list":["post-1209","post","type-post","status-publish","format-standard","has-post-thumbnail","hentry","category-veranstaltungen_archiv"],"acf":[],"yoast_head":"<!-- This site is optimized with the Yoast SEO plugin v27.5 - https:\/\/yoast.com\/product\/yoast-seo-wordpress\/ -->\n<title>Birchhof Arbeitsevent 16.06.2018 - Permakultur-Landwirtschaft<\/title>\n<meta name=\"robots\" content=\"index, follow, max-snippet:-1, max-image-preview:large, max-video-preview:-1\" \/>\n<link rel=\"canonical\" href=\"https:\/\/permakultur-landwirtschaft.org\/fr\/birchhof-arbeitsevent-16-06-2018\/\" \/>\n<meta property=\"og:locale\" content=\"fr_FR\" \/>\n<meta property=\"og:type\" content=\"article\" \/>\n<meta property=\"og:title\" content=\"Birchhof Arbeitsevent 16.06.2018 - Permakultur-Landwirtschaft\" \/>\n<meta property=\"og:description\" content=\"Weitergeleitete Nachricht vom Birchhof in Oberwil-Lieli AG: &nbsp; Liebe Birchhoffreundinnen und Birchhoffreunde N\u00e4chsten Samstag (16.06.) ist es wieder soweit: Die Freunde des kollektiven Erdebuddelns und Weltverbessern treffen sich auf dem Birchhof zum zweiten Arbeitsevent in diesem Jahr. Auch dieses Mal haben wir wieder eine Vielzahl spannender Arbeiten, die wir gerne zusammen angehen w\u00fcrden. Sei es [&hellip;]\" \/>\n<meta property=\"og:url\" content=\"https:\/\/permakultur-landwirtschaft.org\/fr\/birchhof-arbeitsevent-16-06-2018\/\" \/>\n<meta property=\"og:site_name\" content=\"Permakultur-Landwirtschaft\" \/>\n<meta property=\"article:publisher\" content=\"https:\/\/www.facebook.com\/PermakulturLandwirtschaft\" \/>\n<meta property=\"article:published_time\" content=\"2018-06-16T19:03:39+00:00\" \/>\n<meta property=\"article:modified_time\" content=\"2018-07-02T09:23:34+00:00\" \/>\n<meta property=\"og:image\" content=\"http:\/\/permakultur-landwirtschaft.org\/wp-content\/uploads\/2018\/05\/enviro16.05.png\" \/>\n\t<meta property=\"og:image:width\" content=\"351\" \/>\n\t<meta property=\"og:image:height\" content=\"242\" \/>\n\t<meta property=\"og:image:type\" content=\"image\/png\" \/>\n<meta name=\"author\" content=\"adrian reutimann\" \/>\n<meta name=\"twitter:card\" content=\"summary_large_image\" \/>\n<meta name=\"twitter:label1\" content=\"\u00c9crit par\" \/>\n\t<meta name=\"twitter:data1\" content=\"adrian reutimann\" \/>\n\t<meta name=\"twitter:label2\" content=\"Dur\u00e9e de lecture estim\u00e9e\" \/>\n\t<meta name=\"twitter:data2\" content=\"1 minute\" \/>\n<script type=\"application\/ld+json\" class=\"yoast-schema-graph\">{\"@context\":\"https:\\\/\\\/schema.org\",\"@graph\":[{\"@type\":\"Article\",\"@id\":\"https:\\\/\\\/permakultur-landwirtschaft.org\\\/birchhof-arbeitsevent-16-06-2018\\\/#article\",\"isPartOf\":{\"@id\":\"https:\\\/\\\/permakultur-landwirtschaft.org\\\/birchhof-arbeitsevent-16-06-2018\\\/\"},\"author\":{\"name\":\"adrian reutimann\",\"@id\":\"https:\\\/\\\/permakultur-landwirtschaft.org\\\/#\\\/schema\\\/person\\\/6b0467872f75aed3e144093f9bf4f0b0\"},\"headline\":\"Birchhof Arbeitsevent 16.06.2018\",\"datePublished\":\"2018-06-16T19:03:39+00:00\",\"dateModified\":\"2018-07-02T09:23:34+00:00\",\"mainEntityOfPage\":{\"@id\":\"https:\\\/\\\/permakultur-landwirtschaft.org\\\/birchhof-arbeitsevent-16-06-2018\\\/\"},\"wordCount\":170,\"publisher\":{\"@id\":\"https:\\\/\\\/permakultur-landwirtschaft.org\\\/#organization\"},\"image\":{\"@id\":\"https:\\\/\\\/permakultur-landwirtschaft.org\\\/birchhof-arbeitsevent-16-06-2018\\\/#primaryimage\"},\"thumbnailUrl\":\"https:\\\/\\\/permakultur-landwirtschaft.org\\\/wp-content\\\/uploads\\\/2018\\\/05\\\/enviro16.05-e1526453818168.png\",\"articleSection\":[\"Veranstaltungen_Archiv\"],\"inLanguage\":\"fr-FR\"},{\"@type\":\"WebPage\",\"@id\":\"https:\\\/\\\/permakultur-landwirtschaft.org\\\/birchhof-arbeitsevent-16-06-2018\\\/\",\"url\":\"https:\\\/\\\/permakultur-landwirtschaft.org\\\/birchhof-arbeitsevent-16-06-2018\\\/\",\"name\":\"Birchhof Arbeitsevent 16.06.2018 - Permakultur-Landwirtschaft\",\"isPartOf\":{\"@id\":\"https:\\\/\\\/permakultur-landwirtschaft.org\\\/#website\"},\"primaryImageOfPage\":{\"@id\":\"https:\\\/\\\/permakultur-landwirtschaft.org\\\/birchhof-arbeitsevent-16-06-2018\\\/#primaryimage\"},\"image\":{\"@id\":\"https:\\\/\\\/permakultur-landwirtschaft.org\\\/birchhof-arbeitsevent-16-06-2018\\\/#primaryimage\"},\"thumbnailUrl\":\"https:\\\/\\\/permakultur-landwirtschaft.org\\\/wp-content\\\/uploads\\\/2018\\\/05\\\/enviro16.05-e1526453818168.png\",\"datePublished\":\"2018-06-16T19:03:39+00:00\",\"dateModified\":\"2018-07-02T09:23:34+00:00\",\"breadcrumb\":{\"@id\":\"https:\\\/\\\/permakultur-landwirtschaft.org\\\/birchhof-arbeitsevent-16-06-2018\\\/#breadcrumb\"},\"inLanguage\":\"fr-FR\",\"potentialAction\":[{\"@type\":\"ReadAction\",\"target\":[\"https:\\\/\\\/permakultur-landwirtschaft.org\\\/birchhof-arbeitsevent-16-06-2018\\\/\"]}]},{\"@type\":\"ImageObject\",\"inLanguage\":\"fr-FR\",\"@id\":\"https:\\\/\\\/permakultur-landwirtschaft.org\\\/birchhof-arbeitsevent-16-06-2018\\\/#primaryimage\",\"url\":\"https:\\\/\\\/permakultur-landwirtschaft.org\\\/wp-content\\\/uploads\\\/2018\\\/05\\\/enviro16.05-e1526453818168.png\",\"contentUrl\":\"https:\\\/\\\/permakultur-landwirtschaft.org\\\/wp-content\\\/uploads\\\/2018\\\/05\\\/enviro16.05-e1526453818168.png\",\"width\":351,\"height\":242},{\"@type\":\"BreadcrumbList\",\"@id\":\"https:\\\/\\\/permakultur-landwirtschaft.org\\\/birchhof-arbeitsevent-16-06-2018\\\/#breadcrumb\",\"itemListElement\":[{\"@type\":\"ListItem\",\"position\":1,\"name\":\"Startseite\",\"item\":\"https:\\\/\\\/permakultur-landwirtschaft.org\\\/\"},{\"@type\":\"ListItem\",\"position\":2,\"name\":\"Birchhof Arbeitsevent 16.06.2018\"}]},{\"@type\":\"WebSite\",\"@id\":\"https:\\\/\\\/permakultur-landwirtschaft.org\\\/#website\",\"url\":\"https:\\\/\\\/permakultur-landwirtschaft.org\\\/\",\"name\":\"Permakultur-Landwirtschaft\",\"description\":\"F\u00f6rderung der Permakultur in der Landwirtschaft\",\"publisher\":{\"@id\":\"https:\\\/\\\/permakultur-landwirtschaft.org\\\/#organization\"},\"potentialAction\":[{\"@type\":\"SearchAction\",\"target\":{\"@type\":\"EntryPoint\",\"urlTemplate\":\"https:\\\/\\\/permakultur-landwirtschaft.org\\\/?s={search_term_string}\"},\"query-input\":{\"@type\":\"PropertyValueSpecification\",\"valueRequired\":true,\"valueName\":\"search_term_string\"}}],\"inLanguage\":\"fr-FR\"},{\"@type\":\"Organization\",\"@id\":\"https:\\\/\\\/permakultur-landwirtschaft.org\\\/#organization\",\"name\":\"Permakultur-Landwirtschaft\",\"alternateName\":\"Verein Permakultur-Landwirtschaft\",\"url\":\"https:\\\/\\\/permakultur-landwirtschaft.org\\\/\",\"logo\":{\"@type\":\"ImageObject\",\"inLanguage\":\"fr-FR\",\"@id\":\"https:\\\/\\\/permakultur-landwirtschaft.org\\\/#\\\/schema\\\/logo\\\/image\\\/\",\"url\":\"https:\\\/\\\/permakultur-landwirtschaft.org\\\/wp-content\\\/uploads\\\/2021\\\/11\\\/pela_1268x1269.png\",\"contentUrl\":\"https:\\\/\\\/permakultur-landwirtschaft.org\\\/wp-content\\\/uploads\\\/2021\\\/11\\\/pela_1268x1269.png\",\"width\":1298,\"height\":1269,\"caption\":\"Permakultur-Landwirtschaft\"},\"image\":{\"@id\":\"https:\\\/\\\/permakultur-landwirtschaft.org\\\/#\\\/schema\\\/logo\\\/image\\\/\"},\"sameAs\":[\"https:\\\/\\\/www.facebook.com\\\/PermakulturLandwirtschaft\",\"https:\\\/\\\/www.instagram.com\\\/permakultur_landwirtschaft\\\/\",\"https:\\\/\\\/www.flickr.com\\\/photos\\\/permakultur-landwirtschaft\",\"https:\\\/\\\/www.youtube.com\\\/@PermakulturLandwirtschaft\"]},{\"@type\":\"Person\",\"@id\":\"https:\\\/\\\/permakultur-landwirtschaft.org\\\/#\\\/schema\\\/person\\\/6b0467872f75aed3e144093f9bf4f0b0\",\"name\":\"adrian reutimann\",\"url\":\"https:\\\/\\\/permakultur-landwirtschaft.org\\\/fr\\\/author\\\/reutiadr\\\/\"}]}<\/script>\n<!-- \/ Yoast SEO plugin. -->","yoast_head_json":{"title":"Birchhof Arbeitsevent 16.06.2018 - Permakultur-Landwirtschaft","robots":{"index":"index","follow":"follow","max-snippet":"max-snippet:-1","max-image-preview":"max-image-preview:large","max-video-preview":"max-video-preview:-1"},"canonical":"https:\/\/permakultur-landwirtschaft.org\/fr\/birchhof-arbeitsevent-16-06-2018\/","og_locale":"fr_FR","og_type":"article","og_title":"Birchhof Arbeitsevent 16.06.2018 - Permakultur-Landwirtschaft","og_description":"Weitergeleitete Nachricht vom Birchhof in Oberwil-Lieli AG: &nbsp; Liebe Birchhoffreundinnen und Birchhoffreunde N\u00e4chsten Samstag (16.06.) ist es wieder soweit: Die Freunde des kollektiven Erdebuddelns und Weltverbessern treffen sich auf dem Birchhof zum zweiten Arbeitsevent in diesem Jahr. Auch dieses Mal haben wir wieder eine Vielzahl spannender Arbeiten, die wir gerne zusammen angehen w\u00fcrden. Sei es [&hellip;]","og_url":"https:\/\/permakultur-landwirtschaft.org\/fr\/birchhof-arbeitsevent-16-06-2018\/","og_site_name":"Permakultur-Landwirtschaft","article_publisher":"https:\/\/www.facebook.com\/PermakulturLandwirtschaft","article_published_time":"2018-06-16T19:03:39+00:00","article_modified_time":"2018-07-02T09:23:34+00:00","og_image":[{"width":351,"height":242,"url":"http:\/\/permakultur-landwirtschaft.org\/wp-content\/uploads\/2018\/05\/enviro16.05.png","type":"image\/png"}],"author":"adrian reutimann","twitter_card":"summary_large_image","twitter_misc":{"\u00c9crit par":"adrian reutimann","Dur\u00e9e de lecture estim\u00e9e":"1 minute"},"schema":{"@context":"https:\/\/schema.org","@graph":[{"@type":"Article","@id":"https:\/\/permakultur-landwirtschaft.org\/birchhof-arbeitsevent-16-06-2018\/#article","isPartOf":{"@id":"https:\/\/permakultur-landwirtschaft.org\/birchhof-arbeitsevent-16-06-2018\/"},"author":{"name":"adrian reutimann","@id":"https:\/\/permakultur-landwirtschaft.org\/#\/schema\/person\/6b0467872f75aed3e144093f9bf4f0b0"},"headline":"Birchhof Arbeitsevent 16.06.2018","datePublished":"2018-06-16T19:03:39+00:00","dateModified":"2018-07-02T09:23:34+00:00","mainEntityOfPage":{"@id":"https:\/\/permakultur-landwirtschaft.org\/birchhof-arbeitsevent-16-06-2018\/"},"wordCount":170,"publisher":{"@id":"https:\/\/permakultur-landwirtschaft.org\/#organization"},"image":{"@id":"https:\/\/permakultur-landwirtschaft.org\/birchhof-arbeitsevent-16-06-2018\/#primaryimage"},"thumbnailUrl":"https:\/\/permakultur-landwirtschaft.org\/wp-content\/uploads\/2018\/05\/enviro16.05-e1526453818168.png","articleSection":["Veranstaltungen_Archiv"],"inLanguage":"fr-FR"},{"@type":"WebPage","@id":"https:\/\/permakultur-landwirtschaft.org\/birchhof-arbeitsevent-16-06-2018\/","url":"https:\/\/permakultur-landwirtschaft.org\/birchhof-arbeitsevent-16-06-2018\/","name":"Birchhof Arbeitsevent 16.06.2018 - Permakultur-Landwirtschaft","isPartOf":{"@id":"https:\/\/permakultur-landwirtschaft.org\/#website"},"primaryImageOfPage":{"@id":"https:\/\/permakultur-landwirtschaft.org\/birchhof-arbeitsevent-16-06-2018\/#primaryimage"},"image":{"@id":"https:\/\/permakultur-landwirtschaft.org\/birchhof-arbeitsevent-16-06-2018\/#primaryimage"},"thumbnailUrl":"https:\/\/permakultur-landwirtschaft.org\/wp-content\/uploads\/2018\/05\/enviro16.05-e1526453818168.png","datePublished":"2018-06-16T19:03:39+00:00","dateModified":"2018-07-02T09:23:34+00:00","breadcrumb":{"@id":"https:\/\/permakultur-landwirtschaft.org\/birchhof-arbeitsevent-16-06-2018\/#breadcrumb"},"inLanguage":"fr-FR","potentialAction":[{"@type":"ReadAction","target":["https:\/\/permakultur-landwirtschaft.org\/birchhof-arbeitsevent-16-06-2018\/"]}]},{"@type":"ImageObject","inLanguage":"fr-FR","@id":"https:\/\/permakultur-landwirtschaft.org\/birchhof-arbeitsevent-16-06-2018\/#primaryimage","url":"https:\/\/permakultur-landwirtschaft.org\/wp-content\/uploads\/2018\/05\/enviro16.05-e1526453818168.png","contentUrl":"https:\/\/permakultur-landwirtschaft.org\/wp-content\/uploads\/2018\/05\/enviro16.05-e1526453818168.png","width":351,"height":242},{"@type":"BreadcrumbList","@id":"https:\/\/permakultur-landwirtschaft.org\/birchhof-arbeitsevent-16-06-2018\/#breadcrumb","itemListElement":[{"@type":"ListItem","position":1,"name":"Startseite","item":"https:\/\/permakultur-landwirtschaft.org\/"},{"@type":"ListItem","position":2,"name":"Birchhof Arbeitsevent 16.06.2018"}]},{"@type":"WebSite","@id":"https:\/\/permakultur-landwirtschaft.org\/#website","url":"https:\/\/permakultur-landwirtschaft.org\/","name":"Permakultur-Landwirtschaft","description":"F\u00f6rderung der Permakultur in der Landwirtschaft","publisher":{"@id":"https:\/\/permakultur-landwirtschaft.org\/#organization"},"potentialAction":[{"@type":"SearchAction","target":{"@type":"EntryPoint","urlTemplate":"https:\/\/permakultur-landwirtschaft.org\/?s={search_term_string}"},"query-input":{"@type":"PropertyValueSpecification","valueRequired":true,"valueName":"search_term_string"}}],"inLanguage":"fr-FR"},{"@type":"Organization","@id":"https:\/\/permakultur-landwirtschaft.org\/#organization","name":"Permakultur-Landwirtschaft","alternateName":"Verein Permakultur-Landwirtschaft","url":"https:\/\/permakultur-landwirtschaft.org\/","logo":{"@type":"ImageObject","inLanguage":"fr-FR","@id":"https:\/\/permakultur-landwirtschaft.org\/#\/schema\/logo\/image\/","url":"https:\/\/permakultur-landwirtschaft.org\/wp-content\/uploads\/2021\/11\/pela_1268x1269.png","contentUrl":"https:\/\/permakultur-landwirtschaft.org\/wp-content\/uploads\/2021\/11\/pela_1268x1269.png","width":1298,"height":1269,"caption":"Permakultur-Landwirtschaft"},"image":{"@id":"https:\/\/permakultur-landwirtschaft.org\/#\/schema\/logo\/image\/"},"sameAs":["https:\/\/www.facebook.com\/PermakulturLandwirtschaft","https:\/\/www.instagram.com\/permakultur_landwirtschaft\/","https:\/\/www.flickr.com\/photos\/permakultur-landwirtschaft","https:\/\/www.youtube.com\/@PermakulturLandwirtschaft"]},{"@type":"Person","@id":"https:\/\/permakultur-landwirtschaft.org\/#\/schema\/person\/6b0467872f75aed3e144093f9bf4f0b0","name":"adrian reutimann","url":"https:\/\/permakultur-landwirtschaft.org\/fr\/author\/reutiadr\/"}]}},"_links":{"self":[{"href":"https:\/\/permakultur-landwirtschaft.org\/fr\/wp-json\/wp\/v2\/posts\/1209","targetHints":{"allow":["GET"]}}],"collection":[{"href":"https:\/\/permakultur-landwirtschaft.org\/fr\/wp-json\/wp\/v2\/posts"}],"about":[{"href":"https:\/\/permakultur-landwirtschaft.org\/fr\/wp-json\/wp\/v2\/types\/post"}],"author":[{"embeddable":true,"href":"https:\/\/permakultur-landwirtschaft.org\/fr\/wp-json\/wp\/v2\/users\/2"}],"replies":[{"embeddable":true,"href":"https:\/\/permakultur-landwirtschaft.org\/fr\/wp-json\/wp\/v2\/comments?post=1209"}],"version-history":[{"count":4,"href":"https:\/\/permakultur-landwirtschaft.org\/fr\/wp-json\/wp\/v2\/posts\/1209\/revisions"}],"predecessor-version":[{"id":1213,"href":"https:\/\/permakultur-landwirtschaft.org\/fr\/wp-json\/wp\/v2\/posts\/1209\/revisions\/1213"}],"wp:featuredmedia":[{"embeddable":true,"href":"https:\/\/permakultur-landwirtschaft.org\/fr\/wp-json\/wp\/v2\/media\/1143"}],"wp:attachment":[{"href":"https:\/\/permakultur-landwirtschaft.org\/fr\/wp-json\/wp\/v2\/media?parent=1209"}],"wp:term":[{"taxonomy":"category","embeddable":true,"href":"https:\/\/permakultur-landwirtschaft.org\/fr\/wp-json\/wp\/v2\/categories?post=1209"},{"taxonomy":"post_tag","embeddable":true,"href":"https:\/\/permakultur-landwirtschaft.org\/fr\/wp-json\/wp\/v2\/tags?post=1209"}],"curies":[{"name":"wp","href":"https:\/\/api.w.org\/{rel}","templated":true}]}}